{"id":92778,"date":"2019-06-27T18:03:07","date_gmt":"2019-06-27T16:03:07","guid":{"rendered":"https:\/\/zjarr.tv\/?p=92778"},"modified":"2019-06-27T18:03:07","modified_gmt":"2019-06-27T16:03:07","slug":"kqz-vijon-betejen-mberrijne-ne-shkoder-materialet-zgjedhore","status":"publish","type":"post","link":"https:\/\/zjarr.tv\/en\/kqz-vijon-betejen-mberrijne-ne-shkoder-materialet-zgjedhore\/","title":{"rendered":"KQZ vijon betej\u00ebn, mb\u00ebrrijn\u00eb n\u00eb Shkod\u00ebr materialet zgjedhore"},"content":{"rendered":"<p>Edhe pse procesi zgjedhor \u00ebsht\u00eb shoq\u00ebruar me p\u00ebrplasje dhe tensione t\u00eb forta n\u00eb Shkod\u00ebr, Komisioni Qendror i Zgjedhjeve ka d\u00ebrguar s\u00ebrish materialet zgjedhore.<\/p>\n<p>Materialet kan\u00eb mb\u00ebrritur pasditen e sotme dhe jan\u00eb vendosur te shkolla profesionale \u201cArben Broci\u201d. Raportohet se n\u00eb k\u00ebt\u00eb shkoll\u00eb jan\u00eb vendosur materialet zgjedhore t\u00eb KZAZ 2 dhe 3.<\/p>\n<p>M\u00eb par\u00eb, materialet zgjedhore u vendos\u00ebn n\u00eb shkoll\u00ebn \u201cShejnaze Juka\u201d, por nuk u lejuan nga mb\u00ebshtet\u00ebsit e opozit\u00ebs, t\u00eb cil\u00ebt u vun\u00eb flak\u00ebn shkoll\u00ebs dhe u p\u00ebrplas\u00ebn me policin\u00eb, deri n\u00eb lirimin e ambienteve, duke zbatuar dekretin e Presidentit Ilir Meta p\u00ebr anulimin e 30 qershorit si dat\u00eb zgjedhjesh.<\/p>\n<p>Nd\u00ebrkoh\u00eb, gjat\u00eb dit\u00ebs s\u00eb sotme, Presidenti Meta dekretoi 13 tetorin si dat\u00ebn e zgjedhjeve vendore, nd\u00ebrsa kryeministri Rama ka vijuar t\u2019i q\u00ebndroj\u00eb vendimit p\u00ebr zhvillimin e zgjedhjeve n\u00eb 30 qershor.<\/p>\n<p>&nbsp;<\/p>","protected":false},"excerpt":{"rendered":"<p>Edhe pse procesi zgjedhor \u00ebsht\u00eb shoq\u00ebruar me p\u00ebrplasje dhe tensione t\u00eb forta n\u00eb Shkod\u00ebr, Komisioni Qendror i Zgjedhjeve ka d\u00ebrguar s\u00ebrish materialet zgjedhore. Materialet kan\u00eb mb\u00ebrritur pasditen e sotme dhe jan\u00eb vendosur te shkolla profesionale \u201cArben Broci\u201d. Raportohet se n\u00eb k\u00ebt\u00eb shkoll\u00eb jan\u00eb vendosur materialet zgjedhore t\u00eb KZAZ 2 dhe 3. M\u00eb par\u00eb, materialet zgjedhore [&hellip;]<\/p>\n","protected":false},"author":2013,"featured_media":92816,"comment_status":"open","ping_status":"closed","sticky":false,"template":"","format":"standard","meta":{"footnotes":""},"categories":[241,235],"tags":[],"class_list":{"0":"post-92778","1":"post","2":"type-post","3":"status-publish","4":"format-standard","5":"has-post-thumbnail","7":"category-aktualitet","8":"category-vendi"},"_links":{"self":[{"href":"https:\/\/zjarr.tv\/en\/wp-json\/wp\/v2\/posts\/92778","targetHints":{"allow":["GET"]}}],"collection":[{"href":"https:\/\/zjarr.tv\/en\/wp-json\/wp\/v2\/posts"}],"about":[{"href":"https:\/\/zjarr.tv\/en\/wp-json\/wp\/v2\/types\/post"}],"author":[{"embeddable":true,"href":"https:\/\/zjarr.tv\/en\/wp-json\/wp\/v2\/users\/2013"}],"replies":[{"embeddable":true,"href":"https:\/\/zjarr.tv\/en\/wp-json\/wp\/v2\/comments?post=92778"}],"version-history":[{"count":0,"href":"https:\/\/zjarr.tv\/en\/wp-json\/wp\/v2\/posts\/92778\/revisions"}],"wp:featuredmedia":[{"embeddable":true,"href":"https:\/\/zjarr.tv\/en\/wp-json\/wp\/v2\/media\/92816"}],"wp:attachment":[{"href":"https:\/\/zjarr.tv\/en\/wp-json\/wp\/v2\/media?parent=92778"}],"wp:term":[{"taxonomy":"category","embeddable":true,"href":"https:\/\/zjarr.tv\/en\/wp-json\/wp\/v2\/categories?post=92778"},{"taxonomy":"post_tag","embeddable":true,"href":"https:\/\/zjarr.tv\/en\/wp-json\/wp\/v2\/tags?post=92778"}],"curies":[{"name":"wp","href":"https:\/\/api.w.org\/{rel}","templated":true}]}}