{"id":92782,"date":"2019-06-27T21:32:00","date_gmt":"2019-06-27T19:32:00","guid":{"rendered":"https:\/\/zjarr.tv\/?p=92782"},"modified":"2019-06-27T17:32:35","modified_gmt":"2019-06-27T15:32:35","slug":"turqi-47-denime-te-perjetshme-per-grushtin-e-shtetit-te-2016","status":"publish","type":"post","link":"https:\/\/zjarr.tv\/en\/turqi-47-denime-te-perjetshme-per-grushtin-e-shtetit-te-2016\/","title":{"rendered":"Turqi, 47 d\u00ebnime t\u00eb p\u00ebrjetshme p\u00ebr grushtin e shtetit t\u00eb 2016"},"content":{"rendered":"<p>D\u00ebnime t\u00eb tjera t\u00eb reja n\u00eb Turqi p\u00ebr grushtin e d\u00ebshtuar t\u00eb shtetit n\u00eb 15 korrik 2016. Nj\u00eb gjykat\u00eb n\u00eb Ankara ka dh\u00ebn\u00eb burgim t\u00eb p\u00ebrjetsh\u00ebm p\u00ebr 47 t\u00eb pandehur t\u00eb akuzuar se kan\u00eb marr\u00eb pjes\u00eb n\u00ebp\u00ebrmjet veprimeve t\u00eb tyre subversive n\u00eb akademin\u00eb ushtarake t\u00eb kryeqytetit turk.<\/p>\n<p>Mes t\u00eb d\u00ebnuarve \u00ebsht\u00eb edhe ish presidenti i akademis\u00eb ushtarake, Kerim Acar. N\u00eb procesin e madh, edhe 113 t\u00eb d\u00ebnuar kan\u00eb marr\u00eb d\u00ebnime nga 7 deri n\u00eb 15 vjet, teksa 94 t\u00eb tjer\u00eb jan\u00eb liruar.<\/p>\n<p>&nbsp;<\/p>","protected":false},"excerpt":{"rendered":"<p>D\u00ebnime t\u00eb tjera t\u00eb reja n\u00eb Turqi p\u00ebr grushtin e d\u00ebshtuar t\u00eb shtetit n\u00eb 15 korrik 2016. Nj\u00eb gjykat\u00eb n\u00eb Ankara ka dh\u00ebn\u00eb burgim t\u00eb p\u00ebrjetsh\u00ebm p\u00ebr 47 t\u00eb pandehur t\u00eb akuzuar se kan\u00eb marr\u00eb pjes\u00eb n\u00ebp\u00ebrmjet veprimeve t\u00eb tyre subversive n\u00eb akademin\u00eb ushtarake t\u00eb kryeqytetit turk. Mes t\u00eb d\u00ebnuarve \u00ebsht\u00eb edhe ish presidenti i [&hellip;]<\/p>\n","protected":false},"author":2013,"featured_media":92783,"comment_status":"open","ping_status":"closed","sticky":false,"template":"","format":"standard","meta":{"footnotes":""},"categories":[241,191],"tags":[],"class_list":{"0":"post-92782","1":"post","2":"type-post","3":"status-publish","4":"format-standard","5":"has-post-thumbnail","7":"category-aktualitet","8":"category-bota"},"_links":{"self":[{"href":"https:\/\/zjarr.tv\/en\/wp-json\/wp\/v2\/posts\/92782","targetHints":{"allow":["GET"]}}],"collection":[{"href":"https:\/\/zjarr.tv\/en\/wp-json\/wp\/v2\/posts"}],"about":[{"href":"https:\/\/zjarr.tv\/en\/wp-json\/wp\/v2\/types\/post"}],"author":[{"embeddable":true,"href":"https:\/\/zjarr.tv\/en\/wp-json\/wp\/v2\/users\/2013"}],"replies":[{"embeddable":true,"href":"https:\/\/zjarr.tv\/en\/wp-json\/wp\/v2\/comments?post=92782"}],"version-history":[{"count":0,"href":"https:\/\/zjarr.tv\/en\/wp-json\/wp\/v2\/posts\/92782\/revisions"}],"wp:featuredmedia":[{"embeddable":true,"href":"https:\/\/zjarr.tv\/en\/wp-json\/wp\/v2\/media\/92783"}],"wp:attachment":[{"href":"https:\/\/zjarr.tv\/en\/wp-json\/wp\/v2\/media?parent=92782"}],"wp:term":[{"taxonomy":"category","embeddable":true,"href":"https:\/\/zjarr.tv\/en\/wp-json\/wp\/v2\/categories?post=92782"},{"taxonomy":"post_tag","embeddable":true,"href":"https:\/\/zjarr.tv\/en\/wp-json\/wp\/v2\/tags?post=92782"}],"curies":[{"name":"wp","href":"https:\/\/api.w.org\/{rel}","templated":true}]}}