{"id":92818,"date":"2019-06-27T18:04:28","date_gmt":"2019-06-27T16:04:28","guid":{"rendered":"https:\/\/zjarr.tv\/?p=92818"},"modified":"2019-06-27T18:04:28","modified_gmt":"2019-06-27T16:04:28","slug":"rudina-hajdari-godet-gjithe-politikanet-me-mesazhin-e-engel","status":"publish","type":"post","link":"https:\/\/zjarr.tv\/en\/rudina-hajdari-godet-gjithe-politikanet-me-mesazhin-e-engel\/","title":{"rendered":"Rudina Hajdari godet gjith\u00eb politikan\u00ebt me mesazhin e Engel"},"content":{"rendered":"<p>Deputetja Rudina Hajdari ka komentuar kriz\u00ebn e thell\u00eb politike, n\u00eb t\u00eb cil\u00ebn ndodhet vendi prej disa muajsh. Hajdari ka shp\u00ebrndar\u00eb n\u00eb \u201cFacebook\u201d deklarat\u00ebn e Kongresmenit Eliot Engel p\u00ebr situat\u00ebn politike n\u00eb Shqip\u00ebri.<\/p>\n<p>Sipas Hajdarit, Engel iu ka b\u00ebr\u00eb thirrje t\u00eb gjitha pal\u00ebve politike t\u00eb shmangin aktet e dhun\u00ebs dhe t\u00eb angazhohen n\u00eb drejtim t\u00eb dialogut n\u00eb p\u00ebrputhje me sundimin e ligjit.<\/p>\n<p>Kryetarja e grupit parlamentar t\u00eb opozit\u00ebs s\u00eb re n\u00eb Kuvend thekson se politika duhet t\u2019u jap\u00eb shqiptar\u00ebve nj\u00eb proces elektoral t\u00eb denj\u00eb p\u00ebr nj\u00eb vend an\u00ebtar n\u00eb NATO.<\/p>\n<p>\u201cSot, Kryetari i Komisionit t\u00eb Jasht\u00ebm n\u00eb Kongresin Amerikan, Eliot L.Engel, dha nj\u00eb deklarat\u00eb p\u00ebr situat\u00ebn politike n\u00eb Shqip\u00ebri. Ai u b\u00ebri thirrje t\u00eb gjitha pal\u00ebve politike t\u00eb shmangin aktet e dhun\u00ebs dhe t\u00eb angazhohen n\u00eb drejtim t\u00eb dialogut n\u00eb p\u00ebrputhje me SUNDIMIN E LIGJIT dhe t\u2019u japin shqiptar\u00ebve nj\u00eb proces elektoral t\u00eb denj\u00eb p\u00ebr nj\u00eb vend an\u00ebtar n\u00eb #NATO\u201d, shkruan Hajdari.<\/p>\n<p>&nbsp;<\/p>","protected":false},"excerpt":{"rendered":"<p>Deputetja Rudina Hajdari ka komentuar kriz\u00ebn e thell\u00eb politike, n\u00eb t\u00eb cil\u00ebn ndodhet vendi prej disa muajsh. Hajdari ka shp\u00ebrndar\u00eb n\u00eb \u201cFacebook\u201d deklarat\u00ebn e Kongresmenit Eliot Engel p\u00ebr situat\u00ebn politike n\u00eb Shqip\u00ebri. Sipas Hajdarit, Engel iu ka b\u00ebr\u00eb thirrje t\u00eb gjitha pal\u00ebve politike t\u00eb shmangin aktet e dhun\u00ebs dhe t\u00eb angazhohen n\u00eb drejtim t\u00eb dialogut [&hellip;]<\/p>\n","protected":false},"author":2013,"featured_media":77012,"comment_status":"open","ping_status":"closed","sticky":false,"template":"","format":"standard","meta":{"footnotes":""},"categories":[241,235],"tags":[],"class_list":{"0":"post-92818","1":"post","2":"type-post","3":"status-publish","4":"format-standard","5":"has-post-thumbnail","7":"category-aktualitet","8":"category-vendi"},"_links":{"self":[{"href":"https:\/\/zjarr.tv\/en\/wp-json\/wp\/v2\/posts\/92818","targetHints":{"allow":["GET"]}}],"collection":[{"href":"https:\/\/zjarr.tv\/en\/wp-json\/wp\/v2\/posts"}],"about":[{"href":"https:\/\/zjarr.tv\/en\/wp-json\/wp\/v2\/types\/post"}],"author":[{"embeddable":true,"href":"https:\/\/zjarr.tv\/en\/wp-json\/wp\/v2\/users\/2013"}],"replies":[{"embeddable":true,"href":"https:\/\/zjarr.tv\/en\/wp-json\/wp\/v2\/comments?post=92818"}],"version-history":[{"count":0,"href":"https:\/\/zjarr.tv\/en\/wp-json\/wp\/v2\/posts\/92818\/revisions"}],"wp:featuredmedia":[{"embeddable":true,"href":"https:\/\/zjarr.tv\/en\/wp-json\/wp\/v2\/media\/77012"}],"wp:attachment":[{"href":"https:\/\/zjarr.tv\/en\/wp-json\/wp\/v2\/media?parent=92818"}],"wp:term":[{"taxonomy":"category","embeddable":true,"href":"https:\/\/zjarr.tv\/en\/wp-json\/wp\/v2\/categories?post=92818"},{"taxonomy":"post_tag","embeddable":true,"href":"https:\/\/zjarr.tv\/en\/wp-json\/wp\/v2\/tags?post=92818"}],"curies":[{"name":"wp","href":"https:\/\/api.w.org\/{rel}","templated":true}]}}