{"id":92826,"date":"2019-06-27T18:08:44","date_gmt":"2019-06-27T16:08:44","guid":{"rendered":"https:\/\/zjarr.tv\/?p=92826"},"modified":"2019-06-27T18:08:44","modified_gmt":"2019-06-27T16:08:44","slug":"zeri-i-amerikes-pyet-ramen-kush-do-i-paguaje-shpenzimet-e-ndjekjes-ligjore-ndaj-bild","status":"publish","type":"post","link":"https:\/\/zjarr.tv\/en\/zeri-i-amerikes-pyet-ramen-kush-do-i-paguaje-shpenzimet-e-ndjekjes-ligjore-ndaj-bild\/","title":{"rendered":"Z\u00ebri i Amerik\u00ebs pyet Ram\u00ebn, kush do i paguaj\u00eb shpenzimet e ndjekjes ligjore ndaj \u2018Bild\u2019"},"content":{"rendered":"<p>Z\u00ebri i Amerik\u00ebs ka qen\u00eb i drejt\u00ebp\u00ebrdrejt sot me kryeministrin Rama, ku ka shprehur shqet\u00ebsimin lidhur mbi padin\u00eb q\u00eb ky i fundit ka ngritur ndaj gazetarit gjerman t\u00eb \u2018Bild\u2019, Peter Tiede.<\/p>\n<p>Organi i Departamentit Amerikan t\u00eb Shtetit e ka cil\u00ebsuar k\u00ebt\u00eb padi si nj\u00eb veprim jo inkurajues ndaj p\u00ebr profesionist\u00eb e fush\u00ebs q\u00eb duan t\u00eb denoncojn\u00eb rastet e korrupsionit.<\/p>\n<p>\u2018Z\u00ebri i Amerik\u00ebs\u2019 i ka drejtuar edhe nj\u00eb pyetje Ram\u00ebs se kush do ti paguaj\u00eb shpenzimet e padis\u00eb ndaj \u2018Bild\u2019<\/p>\n<p>\u2018P\u00ebrfaq\u00ebsuesit e disa organizatave nd\u00ebrkomb\u00ebtare p\u00ebr median thon\u00eb se njoftimi i kryeministrit t\u00eb Shqip\u00ebris\u00eb Edi Rama se do t\u00eb padis\u00eb gazetarin gjerman t\u00eb gazet\u00ebs Bild, nuk duket t\u00eb jet\u00eb nj\u00eb veprim inkurajues p\u00ebr profesionist\u00ebt e fush\u00ebs q\u00eb duan t\u00eb denoncojn\u00eb rastet e korrupsionit. Peter Tiede \u00ebsht\u00eb autori i publikimit t\u00eb disa p\u00ebrgjimeve, t\u00eb cilat duket se implikojn\u00eb zyrtar\u00eb t\u00eb Partis\u00eb Socialiste n\u00eb raste t\u00eb dyshuara t\u00eb abuzimit me detyr\u00ebn. Nd\u00ebrsa presin t\u00eb din\u00eb m\u00eb shum\u00eb rreth arsyetimit ligjor mbi t\u00eb cilin zoti Rama do t\u00eb paraqes\u00eb padin\u00eb, ekspert\u00ebt thon\u00eb se duhet b\u00ebr\u00eb transparenc\u00eb edhe rreth asaj se kush do t\u00eb paguaj\u00eb p\u00ebr ndjekjen ligjore. Shqet\u00ebsim sipas tyre p\u00ebrb\u00ebn fakti se n\u00eb Shqip\u00ebri sulmet ndaj gazetar\u00ebve ndonj\u00ebher\u00eb mbeten krejt\u00ebsisht t\u00eb pandri\u00e7uara dhe se gazetar\u00ebt n\u00eb Shqip\u00ebri kan\u00eb qasje t\u00eb ul\u00ebt tek informacioni, krahasuar me \u00e7do vend tjet\u00ebr n\u00eb Ballkan. Kolegia Menada Zaimi p\u00ebrgatiti k\u00ebt\u00eb material\u2019.<\/p>\n<p>&nbsp;<\/p>","protected":false},"excerpt":{"rendered":"<p>Z\u00ebri i Amerik\u00ebs ka qen\u00eb i drejt\u00ebp\u00ebrdrejt sot me kryeministrin Rama, ku ka shprehur shqet\u00ebsimin lidhur mbi padin\u00eb q\u00eb ky i fundit ka ngritur ndaj gazetarit gjerman t\u00eb \u2018Bild\u2019, Peter Tiede. Organi i Departamentit Amerikan t\u00eb Shtetit e ka cil\u00ebsuar k\u00ebt\u00eb padi si nj\u00eb veprim jo inkurajues ndaj p\u00ebr profesionist\u00eb e fush\u00ebs q\u00eb duan t\u00eb [&hellip;]<\/p>\n","protected":false},"author":2013,"featured_media":92827,"comment_status":"open","ping_status":"closed","sticky":false,"template":"","format":"standard","meta":{"footnotes":""},"categories":[241,235],"tags":[],"class_list":{"0":"post-92826","1":"post","2":"type-post","3":"status-publish","4":"format-standard","5":"has-post-thumbnail","7":"category-aktualitet","8":"category-vendi"},"_links":{"self":[{"href":"https:\/\/zjarr.tv\/en\/wp-json\/wp\/v2\/posts\/92826","targetHints":{"allow":["GET"]}}],"collection":[{"href":"https:\/\/zjarr.tv\/en\/wp-json\/wp\/v2\/posts"}],"about":[{"href":"https:\/\/zjarr.tv\/en\/wp-json\/wp\/v2\/types\/post"}],"author":[{"embeddable":true,"href":"https:\/\/zjarr.tv\/en\/wp-json\/wp\/v2\/users\/2013"}],"replies":[{"embeddable":true,"href":"https:\/\/zjarr.tv\/en\/wp-json\/wp\/v2\/comments?post=92826"}],"version-history":[{"count":0,"href":"https:\/\/zjarr.tv\/en\/wp-json\/wp\/v2\/posts\/92826\/revisions"}],"wp:featuredmedia":[{"embeddable":true,"href":"https:\/\/zjarr.tv\/en\/wp-json\/wp\/v2\/media\/92827"}],"wp:attachment":[{"href":"https:\/\/zjarr.tv\/en\/wp-json\/wp\/v2\/media?parent=92826"}],"wp:term":[{"taxonomy":"category","embeddable":true,"href":"https:\/\/zjarr.tv\/en\/wp-json\/wp\/v2\/categories?post=92826"},{"taxonomy":"post_tag","embeddable":true,"href":"https:\/\/zjarr.tv\/en\/wp-json\/wp\/v2\/tags?post=92826"}],"curies":[{"name":"wp","href":"https:\/\/api.w.org\/{rel}","templated":true}]}}