{"id":92829,"date":"2019-06-27T18:10:51","date_gmt":"2019-06-27T16:10:51","guid":{"rendered":"https:\/\/zjarr.tv\/?p=92829"},"modified":"2019-06-27T18:10:51","modified_gmt":"2019-06-27T16:10:51","slug":"ademi-urdher-administrates-te-shtune-dhe-te-diele-ne-pune-nga-0700-1900","status":"publish","type":"post","link":"https:\/\/zjarr.tv\/en\/ademi-urdher-administrates-te-shtune-dhe-te-diele-ne-pune-nga-0700-1900\/","title":{"rendered":"Ademi urdh\u00ebr administrat\u00ebs: T\u00eb shtun\u00eb dhe t\u00eb diel\u00eb n\u00eb pun\u00eb nga 07:00 \u2013 19:00"},"content":{"rendered":"<p>Kryetarja e Bashkis\u00eb Shkod\u00ebr, Voltana Ademi ka urdh\u00ebruar t\u00eb gjith\u00eb administrat\u00ebn q\u00eb dit\u00ebn e shtun\u00eb dhe dit\u00ebn e diel\u00eb, do t\u00eb jen\u00eb n\u00eb pun\u00eb.<\/p>\n<p>N\u00eb njoftimin publikuar p\u00ebr mediat thuhet se ligji hyn n\u00eb fuqi menj\u00ebher\u00eb.<\/p>\n<p>Ky vendim i Bashkis\u00eb Shkod\u00ebr vjen menj\u00ebher\u00eb pas daljes s\u00eb presidentit Ilir Meta, i njoftoi se dekreti i ri p\u00ebr zgjedhjet vendore \u00ebsht\u00eb data 13 tetor.<\/p>\n<p>Nga ana tjet\u00ebr mazhoranca \u00ebsht\u00eb e bindur n\u00eb zhvillimin e zgjedhjeve nb\u00eb 30 qershor dhe vet\u00ebm pak minuta m\u00eb par\u00eb n\u00eb shkoll\u00ebn Arben Bori\u00e7i, mb\u00ebrrit\u00ebn materialet zgjedhore.<\/p>","protected":false},"excerpt":{"rendered":"<p>Kryetarja e Bashkis\u00eb Shkod\u00ebr, Voltana Ademi ka urdh\u00ebruar t\u00eb gjith\u00eb administrat\u00ebn q\u00eb dit\u00ebn e shtun\u00eb dhe dit\u00ebn e diel\u00eb, do t\u00eb jen\u00eb n\u00eb pun\u00eb. N\u00eb njoftimin publikuar p\u00ebr mediat thuhet se ligji hyn n\u00eb fuqi menj\u00ebher\u00eb. Ky vendim i Bashkis\u00eb Shkod\u00ebr vjen menj\u00ebher\u00eb pas daljes s\u00eb presidentit Ilir Meta, i njoftoi se dekreti i ri [&hellip;]<\/p>\n","protected":false},"author":2013,"featured_media":54162,"comment_status":"open","ping_status":"closed","sticky":false,"template":"","format":"standard","meta":{"footnotes":""},"categories":[241,235],"tags":[],"class_list":{"0":"post-92829","1":"post","2":"type-post","3":"status-publish","4":"format-standard","5":"has-post-thumbnail","7":"category-aktualitet","8":"category-vendi"},"_links":{"self":[{"href":"https:\/\/zjarr.tv\/en\/wp-json\/wp\/v2\/posts\/92829","targetHints":{"allow":["GET"]}}],"collection":[{"href":"https:\/\/zjarr.tv\/en\/wp-json\/wp\/v2\/posts"}],"about":[{"href":"https:\/\/zjarr.tv\/en\/wp-json\/wp\/v2\/types\/post"}],"author":[{"embeddable":true,"href":"https:\/\/zjarr.tv\/en\/wp-json\/wp\/v2\/users\/2013"}],"replies":[{"embeddable":true,"href":"https:\/\/zjarr.tv\/en\/wp-json\/wp\/v2\/comments?post=92829"}],"version-history":[{"count":0,"href":"https:\/\/zjarr.tv\/en\/wp-json\/wp\/v2\/posts\/92829\/revisions"}],"wp:featuredmedia":[{"embeddable":true,"href":"https:\/\/zjarr.tv\/en\/wp-json\/wp\/v2\/media\/54162"}],"wp:attachment":[{"href":"https:\/\/zjarr.tv\/en\/wp-json\/wp\/v2\/media?parent=92829"}],"wp:term":[{"taxonomy":"category","embeddable":true,"href":"https:\/\/zjarr.tv\/en\/wp-json\/wp\/v2\/categories?post=92829"},{"taxonomy":"post_tag","embeddable":true,"href":"https:\/\/zjarr.tv\/en\/wp-json\/wp\/v2\/tags?post=92829"}],"curies":[{"name":"wp","href":"https:\/\/api.w.org\/{rel}","templated":true}]}}