{"id":92838,"date":"2019-06-27T18:29:21","date_gmt":"2019-06-27T16:29:21","guid":{"rendered":"https:\/\/zjarr.tv\/?p=92838"},"modified":"2019-06-27T18:29:21","modified_gmt":"2019-06-27T16:29:21","slug":"shba-palmerpresim-qe-zgjedhjet-te-zhvillohen-me-30-qershor","status":"publish","type":"post","link":"https:\/\/zjarr.tv\/en\/shba-palmerpresim-qe-zgjedhjet-te-zhvillohen-me-30-qershor\/","title":{"rendered":"SHBA, Palmer:Presim q\u00eb zgjedhjet t\u00eb zhvillohen m\u00eb 30 qershor"},"content":{"rendered":"<p>Z\u00ebvend\u00ebsndihm\u00ebs Sekretari Amerikan i Shtetit, Mathew Palmer, foli p\u00ebr \u201cZ\u00ebrin e Amerik\u00ebs\u201d, lidhur me situat\u00ebn politike n\u00eb Shqip\u00ebri.<\/p>\n<p>Zyrtari i lart\u00eb Palmer dha q\u00ebndrimin e amerikan\u00ebve p\u00ebr zgjedhjet vendore, duke njohur 30 qershorin si dat\u00eb zgjedhjesh.<\/p>\n<p>\u201cNe presim q\u00eb zgjedhjet t\u00eb zhvillohen m\u00eb 30 qershor, t\u00eb jen\u00eb t\u00eb qeta e t\u00eb rregullta\u201d, tha Palmer p\u00ebr \u201cZ\u00ebrin e Amerik\u00ebs\u201d, nd\u00ebrkoh\u00eb q\u00eb intervista e plot\u00eb do t\u00eb transmetohet dit\u00ebn e nes\u00ebrme.<\/p>\n<p>N\u00eb fakt, data 30 qershor ka ndar\u00eb politik\u00ebn shqiptare. Presidenti Ilir Meta e ka anuluar 30 qershorin, duke dekretuar 13 tetorin si dat\u00eb p\u00ebr zgjedhjet vendore, por kryeministri Edi Rama vijon t\u00eb k\u00ebmb\u00ebngul\u00eb p\u00ebr zhvillimin e zgjedhjeve k\u00ebt\u00eb t\u00eb diel.<\/p>","protected":false},"excerpt":{"rendered":"<p>Z\u00ebvend\u00ebsndihm\u00ebs Sekretari Amerikan i Shtetit, Mathew Palmer, foli p\u00ebr \u201cZ\u00ebrin e Amerik\u00ebs\u201d, lidhur me situat\u00ebn politike n\u00eb Shqip\u00ebri. Zyrtari i lart\u00eb Palmer dha q\u00ebndrimin e amerikan\u00ebve p\u00ebr zgjedhjet vendore, duke njohur 30 qershorin si dat\u00eb zgjedhjesh. \u201cNe presim q\u00eb zgjedhjet t\u00eb zhvillohen m\u00eb 30 qershor, t\u00eb jen\u00eb t\u00eb qeta e t\u00eb rregullta\u201d, tha Palmer p\u00ebr [&hellip;]<\/p>\n","protected":false},"author":2013,"featured_media":77964,"comment_status":"open","ping_status":"closed","sticky":false,"template":"","format":"standard","meta":{"footnotes":""},"categories":[241,235],"tags":[],"class_list":{"0":"post-92838","1":"post","2":"type-post","3":"status-publish","4":"format-standard","5":"has-post-thumbnail","7":"category-aktualitet","8":"category-vendi"},"_links":{"self":[{"href":"https:\/\/zjarr.tv\/en\/wp-json\/wp\/v2\/posts\/92838","targetHints":{"allow":["GET"]}}],"collection":[{"href":"https:\/\/zjarr.tv\/en\/wp-json\/wp\/v2\/posts"}],"about":[{"href":"https:\/\/zjarr.tv\/en\/wp-json\/wp\/v2\/types\/post"}],"author":[{"embeddable":true,"href":"https:\/\/zjarr.tv\/en\/wp-json\/wp\/v2\/users\/2013"}],"replies":[{"embeddable":true,"href":"https:\/\/zjarr.tv\/en\/wp-json\/wp\/v2\/comments?post=92838"}],"version-history":[{"count":0,"href":"https:\/\/zjarr.tv\/en\/wp-json\/wp\/v2\/posts\/92838\/revisions"}],"wp:featuredmedia":[{"embeddable":true,"href":"https:\/\/zjarr.tv\/en\/wp-json\/wp\/v2\/media\/77964"}],"wp:attachment":[{"href":"https:\/\/zjarr.tv\/en\/wp-json\/wp\/v2\/media?parent=92838"}],"wp:term":[{"taxonomy":"category","embeddable":true,"href":"https:\/\/zjarr.tv\/en\/wp-json\/wp\/v2\/categories?post=92838"},{"taxonomy":"post_tag","embeddable":true,"href":"https:\/\/zjarr.tv\/en\/wp-json\/wp\/v2\/tags?post=92838"}],"curies":[{"name":"wp","href":"https:\/\/api.w.org\/{rel}","templated":true}]}}