{"id":92849,"date":"2019-06-27T19:16:40","date_gmt":"2019-06-27T17:16:40","guid":{"rendered":"https:\/\/zjarr.tv\/?p=92849"},"modified":"2019-06-27T19:16:40","modified_gmt":"2019-06-27T17:16:40","slug":"edi-rama-ironi-me-kryemadhin-flet-me-zotin-ne-telefon","status":"publish","type":"post","link":"https:\/\/zjarr.tv\/en\/edi-rama-ironi-me-kryemadhin-flet-me-zotin-ne-telefon\/","title":{"rendered":"Edi Rama ironi me Kryemadhin: Flet me Zotin n\u00eb telefon"},"content":{"rendered":"<p>Kryeministri Edi Rama nga Vora ku po mban fushat\u00eb elektorale ka b\u00ebr\u00eb ironi me kryetaren e LSI Monika Kryemadhin.<\/p>\n<p>Rama tha se kjo opozit\u00eb nuk ka lidhje me popullin, por do t\u00eb dal\u00eb mbi popullin dhe mbi ligjin. Ai shtoi po me ironi se \u201cfallxhorja s\u2019do t\u2019ia dij\u00eb p\u00ebr popullin, sepse ka lidhje drejtp\u00ebrdrejt\u00eb me Zotin\u201d.<\/p>\n<p>\u201cK\u00ebta duan t\u00eb dalin mbi popullin, mbi drejt\u00ebsin\u00eb, por nuk ka m\u00eb, mbaron kjo hsitori sot. Kryemadhi ka lidhje t\u00eb drejtp\u00ebrdrejt\u00eb me Zotin. Ajo flet me Zotin, as me popullin, me ask\u00ebnd. Fiqo e di se \u00e7far\u00eb ka heq me Lulin p\u00ebr t\u00eb luftuar kund\u00ebr vjedhjes s\u00eb vot\u00ebs, kund\u00ebr korrupsionit, kund\u00ebr t\u00eb k\u00ebqijave se k\u00ebta n\u00eb fakt kan\u00eb ardhur nga h\u00ebna.<\/p>\n<p>Ik\u00ebn votat Monika na i mor\u00ebn. Cfar\u00eb \u00ebsht\u00eb ky tmerr. Nuk vazhdohet m\u00eb me karnavale. M\u00eb 30 qershor num\u00ebroni t\u00eb gjitha t\u00eb zezat q\u00eb kan\u00eb nj\u00eb nga nj\u00eb dhe zhysni vot\u00ebn bam. Gimi nuk \u00ebsht\u00eb doktor shkencash. Na doli edhe Neritani thot\u00eb iu shp\u00ebrlaft\u00eb shejtani. Ka luajt mendsh. I hodhi n\u00eb er\u00eb fallxhorja, i t\u00ebrboi. T\u2019i l\u00ebm\u00eb n\u00eb dhimbjet e tyre, n\u00eb frik\u00ebn e tyre.<\/p>\n<p>&nbsp;<\/p>","protected":false},"excerpt":{"rendered":"<p>Kryeministri Edi Rama nga Vora ku po mban fushat\u00eb elektorale ka b\u00ebr\u00eb ironi me kryetaren e LSI Monika Kryemadhin. Rama tha se kjo opozit\u00eb nuk ka lidhje me popullin, por do t\u00eb dal\u00eb mbi popullin dhe mbi ligjin. Ai shtoi po me ironi se \u201cfallxhorja s\u2019do t\u2019ia dij\u00eb p\u00ebr popullin, sepse ka lidhje drejtp\u00ebrdrejt\u00eb me [&hellip;]<\/p>\n","protected":false},"author":2013,"featured_media":91068,"comment_status":"open","ping_status":"closed","sticky":false,"template":"","format":"standard","meta":{"footnotes":""},"categories":[241,235],"tags":[],"class_list":{"0":"post-92849","1":"post","2":"type-post","3":"status-publish","4":"format-standard","5":"has-post-thumbnail","7":"category-aktualitet","8":"category-vendi"},"_links":{"self":[{"href":"https:\/\/zjarr.tv\/en\/wp-json\/wp\/v2\/posts\/92849","targetHints":{"allow":["GET"]}}],"collection":[{"href":"https:\/\/zjarr.tv\/en\/wp-json\/wp\/v2\/posts"}],"about":[{"href":"https:\/\/zjarr.tv\/en\/wp-json\/wp\/v2\/types\/post"}],"author":[{"embeddable":true,"href":"https:\/\/zjarr.tv\/en\/wp-json\/wp\/v2\/users\/2013"}],"replies":[{"embeddable":true,"href":"https:\/\/zjarr.tv\/en\/wp-json\/wp\/v2\/comments?post=92849"}],"version-history":[{"count":0,"href":"https:\/\/zjarr.tv\/en\/wp-json\/wp\/v2\/posts\/92849\/revisions"}],"wp:featuredmedia":[{"embeddable":true,"href":"https:\/\/zjarr.tv\/en\/wp-json\/wp\/v2\/media\/91068"}],"wp:attachment":[{"href":"https:\/\/zjarr.tv\/en\/wp-json\/wp\/v2\/media?parent=92849"}],"wp:term":[{"taxonomy":"category","embeddable":true,"href":"https:\/\/zjarr.tv\/en\/wp-json\/wp\/v2\/categories?post=92849"},{"taxonomy":"post_tag","embeddable":true,"href":"https:\/\/zjarr.tv\/en\/wp-json\/wp\/v2\/tags?post=92849"}],"curies":[{"name":"wp","href":"https:\/\/api.w.org\/{rel}","templated":true}]}}