{"id":92853,"date":"2019-06-27T19:19:14","date_gmt":"2019-06-27T17:19:14","guid":{"rendered":"https:\/\/zjarr.tv\/?p=92853"},"modified":"2019-06-27T19:19:14","modified_gmt":"2019-06-27T17:19:14","slug":"dekreti-i-metes-per-13-tetorin-ja-si-e-lexon-rama-kete-date","status":"publish","type":"post","link":"https:\/\/zjarr.tv\/en\/dekreti-i-metes-per-13-tetorin-ja-si-e-lexon-rama-kete-date\/","title":{"rendered":"Dekreti i Met\u00ebs p\u00ebr 13 tetorin, ja si e l\u00ebxon Rama k\u00ebt\u00eb dat\u00eb"},"content":{"rendered":"<p>Kryeministri Edi Rama n\u00eb nj\u00eb postim n\u00eb rrjetin social instagram ka ironizuar presidentin Ilir Meta p\u00ebr dat\u00ebn e re t\u00eb zgjedhjeve lokale, dekretuar dit\u00ebn e sotme.<\/p>\n<p>Ky \u00ebsht\u00eb leximi q\u00eb i b\u00ebn kryeministri Rama dat\u00ebs 13 tetor.<\/p>\n<p><em>\u201cE paska l\u00ebvizur dat\u00ebn me 8 dit\u00eb, se 21-shi i binte e h\u00ebn\u00eb ose pastaj e ka lexuar si 2 dit\u00eb para dit\u00eblindjes s\u00eb 1-shit n\u00eb 15 tetor, dometh\u00ebn\u00eb Doktorit, q\u00eb e ka si shpirt kur shpirtin i\u2019a merr peng paniku\u201d<\/em>,- shkruan Rama.<\/p>\n<p>&nbsp;<\/p>","protected":false},"excerpt":{"rendered":"<p>Kryeministri Edi Rama n\u00eb nj\u00eb postim n\u00eb rrjetin social instagram ka ironizuar presidentin Ilir Meta p\u00ebr dat\u00ebn e re t\u00eb zgjedhjeve lokale, dekretuar dit\u00ebn e sotme. Ky \u00ebsht\u00eb leximi q\u00eb i b\u00ebn kryeministri Rama dat\u00ebs 13 tetor. \u201cE paska l\u00ebvizur dat\u00ebn me 8 dit\u00eb, se 21-shi i binte e h\u00ebn\u00eb ose pastaj e ka lexuar [&hellip;]<\/p>\n","protected":false},"author":2013,"featured_media":92373,"comment_status":"open","ping_status":"closed","sticky":false,"template":"","format":"standard","meta":{"footnotes":""},"categories":[241,235],"tags":[],"class_list":{"0":"post-92853","1":"post","2":"type-post","3":"status-publish","4":"format-standard","5":"has-post-thumbnail","7":"category-aktualitet","8":"category-vendi"},"_links":{"self":[{"href":"https:\/\/zjarr.tv\/en\/wp-json\/wp\/v2\/posts\/92853","targetHints":{"allow":["GET"]}}],"collection":[{"href":"https:\/\/zjarr.tv\/en\/wp-json\/wp\/v2\/posts"}],"about":[{"href":"https:\/\/zjarr.tv\/en\/wp-json\/wp\/v2\/types\/post"}],"author":[{"embeddable":true,"href":"https:\/\/zjarr.tv\/en\/wp-json\/wp\/v2\/users\/2013"}],"replies":[{"embeddable":true,"href":"https:\/\/zjarr.tv\/en\/wp-json\/wp\/v2\/comments?post=92853"}],"version-history":[{"count":0,"href":"https:\/\/zjarr.tv\/en\/wp-json\/wp\/v2\/posts\/92853\/revisions"}],"wp:featuredmedia":[{"embeddable":true,"href":"https:\/\/zjarr.tv\/en\/wp-json\/wp\/v2\/media\/92373"}],"wp:attachment":[{"href":"https:\/\/zjarr.tv\/en\/wp-json\/wp\/v2\/media?parent=92853"}],"wp:term":[{"taxonomy":"category","embeddable":true,"href":"https:\/\/zjarr.tv\/en\/wp-json\/wp\/v2\/categories?post=92853"},{"taxonomy":"post_tag","embeddable":true,"href":"https:\/\/zjarr.tv\/en\/wp-json\/wp\/v2\/tags?post=92853"}],"curies":[{"name":"wp","href":"https:\/\/api.w.org\/{rel}","templated":true}]}}