{"id":93046,"date":"2019-06-28T16:46:50","date_gmt":"2019-06-28T14:46:50","guid":{"rendered":"https:\/\/zjarr.tv\/?p=93046"},"modified":"2019-06-28T16:46:50","modified_gmt":"2019-06-28T14:46:50","slug":"rama-mesazh-te-dyte-bashes-dil-sqaro-urdhrin-e-voltana-ademit","status":"publish","type":"post","link":"https:\/\/zjarr.tv\/en\/rama-mesazh-te-dyte-bashes-dil-sqaro-urdhrin-e-voltana-ademit\/","title":{"rendered":"Rama mesazh t\u00eb dyt\u00eb Bash\u00ebs: Dil sqaro urdhrin e Voltana Ademit"},"content":{"rendered":"<p>Kryeministri Edi Rama vijon p\u00ebrplasjen n\u00eb distanc\u00eb me kreun e opozit\u00ebs, Lulzim Basha.<\/p>\n<p>N\u00eb nj\u00eb mesazh t\u00eb fundit n\u00eb \u201cTwitter\u201d, kreu i qeveris\u00eb publikon urdhrin e kryebashkiakes s\u00eb Shkodr\u00ebs, Voltana Ademi, e cila iu k\u00ebrkon punonj\u00ebsve t\u00eb administrat\u00ebs t\u00eb punojn\u00eb k\u00ebt\u00eb t\u00eb shtun\u00eb e t\u00eb diel, teksa socialist\u00ebt do t\u00eb zhvillojn\u00eb zgjedhjet vendore.<\/p>\n<p>Lidhur me k\u00ebt\u00eb, Rama i k\u00ebrkon Bash\u00ebs t\u00eb dal\u00eb e t\u00eb sqaroj\u00eb urdhrin e Ademit, pse sipas tij, ky pasion p\u00ebr pun\u00eb n\u00eb dit\u00eb pushimi n\u00eb nj\u00eb bashki q\u00eb ka kat\u00ebr vjet n\u00eb gjum\u00eb.<\/p>\n<p>\u201cDhe meq\u00eb jemi tek dora jote e fshehur dhe gur\u00ebt e tu t\u00eb hedhur, po k\u00ebt\u00eb shkres\u00ebn e k\u00ebsaj Qamile Haxhiut t\u00eb Shkodr\u00ebs e ke urdh\u00ebruar ti apo e ka b\u00ebr\u00eb n\u00eb kok\u00eb t\u00eb vet kjo molotokratja? Dil sqaroje Artist \u00e7\u2019\u00ebsht\u00eb ky pasion p\u00ebr pun\u00eb n\u00eb dit\u00eb pushimi n\u00eb nj\u00eb bashki q\u00eb ka 4 vjet n\u00eb gjum\u00eb!\u201d, shkruan Rama.<\/p>\n<p>&nbsp;<\/p>","protected":false},"excerpt":{"rendered":"<p>Kryeministri Edi Rama vijon p\u00ebrplasjen n\u00eb distanc\u00eb me kreun e opozit\u00ebs, Lulzim Basha. N\u00eb nj\u00eb mesazh t\u00eb fundit n\u00eb \u201cTwitter\u201d, kreu i qeveris\u00eb publikon urdhrin e kryebashkiakes s\u00eb Shkodr\u00ebs, Voltana Ademi, e cila iu k\u00ebrkon punonj\u00ebsve t\u00eb administrat\u00ebs t\u00eb punojn\u00eb k\u00ebt\u00eb t\u00eb shtun\u00eb e t\u00eb diel, teksa socialist\u00ebt do t\u00eb zhvillojn\u00eb zgjedhjet vendore. Lidhur me [&hellip;]<\/p>\n","protected":false},"author":2013,"featured_media":52156,"comment_status":"open","ping_status":"closed","sticky":false,"template":"","format":"standard","meta":{"footnotes":""},"categories":[241,235],"tags":[],"class_list":{"0":"post-93046","1":"post","2":"type-post","3":"status-publish","4":"format-standard","5":"has-post-thumbnail","7":"category-aktualitet","8":"category-vendi"},"_links":{"self":[{"href":"https:\/\/zjarr.tv\/en\/wp-json\/wp\/v2\/posts\/93046","targetHints":{"allow":["GET"]}}],"collection":[{"href":"https:\/\/zjarr.tv\/en\/wp-json\/wp\/v2\/posts"}],"about":[{"href":"https:\/\/zjarr.tv\/en\/wp-json\/wp\/v2\/types\/post"}],"author":[{"embeddable":true,"href":"https:\/\/zjarr.tv\/en\/wp-json\/wp\/v2\/users\/2013"}],"replies":[{"embeddable":true,"href":"https:\/\/zjarr.tv\/en\/wp-json\/wp\/v2\/comments?post=93046"}],"version-history":[{"count":0,"href":"https:\/\/zjarr.tv\/en\/wp-json\/wp\/v2\/posts\/93046\/revisions"}],"wp:featuredmedia":[{"embeddable":true,"href":"https:\/\/zjarr.tv\/en\/wp-json\/wp\/v2\/media\/52156"}],"wp:attachment":[{"href":"https:\/\/zjarr.tv\/en\/wp-json\/wp\/v2\/media?parent=93046"}],"wp:term":[{"taxonomy":"category","embeddable":true,"href":"https:\/\/zjarr.tv\/en\/wp-json\/wp\/v2\/categories?post=93046"},{"taxonomy":"post_tag","embeddable":true,"href":"https:\/\/zjarr.tv\/en\/wp-json\/wp\/v2\/tags?post=93046"}],"curies":[{"name":"wp","href":"https:\/\/api.w.org\/{rel}","templated":true}]}}