{"id":93140,"date":"2019-06-29T13:06:32","date_gmt":"2019-06-29T11:06:32","guid":{"rendered":"https:\/\/zjarr.tv\/?p=93140"},"modified":"2019-06-29T13:06:32","modified_gmt":"2019-06-29T11:06:32","slug":"perplasje-mes-rudina-hajdarit-dhe-zedhenes-presidentit","status":"publish","type":"post","link":"https:\/\/zjarr.tv\/en\/perplasje-mes-rudina-hajdarit-dhe-zedhenes-presidentit\/","title":{"rendered":"P\u00ebrplasje mes Rudina Hajdarit dhe z\u00ebdh\u00ebn\u00ebs presidentit"},"content":{"rendered":"<p>N\u00eb dit\u00ebn kur duhet t\u00eb kishte heshtje zgjedhore, deputetja e PD Rudina Hajdari kritikoi presidentin se u takua vet\u00ebm me partit\u00eb opozitare jasht\u00eb Kuvendit dhe se nuk b\u00ebri asnj\u00eb tentativ\u00eb p\u00ebr t\u00eb takuar me deputet e opozit\u00ebs brenda Kuvendit.<\/p>\n<p><em>&#8220;Sa turp! Presidenti jon\u00eb takohet me n\u00ebnkryetarin e LSI-s\u00eb dhe ish n\u00ebpun\u00ebsin e tij se nuk takon dot gruan e tij si kryetare e LSI-s\u00eb, nd\u00ebrkoh\u00eb nuk ka b\u00ebr\u00eb asnj\u00eb tentativ\u00eb p\u00ebr tu takuar me asnj\u00eb deputet t\u00eb opozit\u00ebs brenda Kuvendit t\u00eb Shqip\u00ebris\u00eb dhe pretendon se \u00ebsht\u00eb i paansh\u00ebm,<\/em>&#8220;-shkroi deputetja.<\/p>\n<p>Postimit t\u00eb deputetes n\u00eb Twitter iu \u00ebsht\u00eb p\u00ebrgjigjur z\u00ebdh\u00ebn\u00ebs i presidentit, Tedi Blushi i cili u shpreh i zhg\u00ebnjyer q\u00eb Hajdari nuk respektoi heshtjen zgjedhore.<\/p>\n<p><em>&#8220;I zhg\u00ebnjyer shum\u00eb q\u00eb Rudina nuk po e respekton &#8220;heshtjen zgjedhore&#8221; t\u00eb partis\u00eb s\u00eb saj t\u00eb re q\u00eb shkon nes\u00ebr n\u00eb votime. Megjithat\u00eb e mir\u00ebkuptojm\u00eb p\u00ebr shp\u00ebrdorimin q\u00eb i b\u00ebn mbiemrit Hajdari, t\u00eb pakt\u00ebn derisa t&#8217;i kaloj\u00eb mami vettingun,&#8221;<\/em>-shkroi Blushi.<\/p>\n<p>&nbsp;<\/p>","protected":false},"excerpt":{"rendered":"<p>N\u00eb dit\u00ebn kur duhet t\u00eb kishte heshtje zgjedhore, deputetja e PD Rudina Hajdari kritikoi presidentin se u takua vet\u00ebm me partit\u00eb opozitare jasht\u00eb Kuvendit dhe se nuk b\u00ebri asnj\u00eb tentativ\u00eb p\u00ebr t\u00eb takuar me deputet e opozit\u00ebs brenda Kuvendit. &#8220;Sa turp! Presidenti jon\u00eb takohet me n\u00ebnkryetarin e LSI-s\u00eb dhe ish n\u00ebpun\u00ebsin e tij se nuk [&hellip;]<\/p>\n","protected":false},"author":2013,"featured_media":93141,"comment_status":"open","ping_status":"closed","sticky":false,"template":"","format":"standard","meta":{"footnotes":""},"categories":[241,235],"tags":[],"class_list":{"0":"post-93140","1":"post","2":"type-post","3":"status-publish","4":"format-standard","5":"has-post-thumbnail","7":"category-aktualitet","8":"category-vendi"},"_links":{"self":[{"href":"https:\/\/zjarr.tv\/en\/wp-json\/wp\/v2\/posts\/93140","targetHints":{"allow":["GET"]}}],"collection":[{"href":"https:\/\/zjarr.tv\/en\/wp-json\/wp\/v2\/posts"}],"about":[{"href":"https:\/\/zjarr.tv\/en\/wp-json\/wp\/v2\/types\/post"}],"author":[{"embeddable":true,"href":"https:\/\/zjarr.tv\/en\/wp-json\/wp\/v2\/users\/2013"}],"replies":[{"embeddable":true,"href":"https:\/\/zjarr.tv\/en\/wp-json\/wp\/v2\/comments?post=93140"}],"version-history":[{"count":0,"href":"https:\/\/zjarr.tv\/en\/wp-json\/wp\/v2\/posts\/93140\/revisions"}],"wp:featuredmedia":[{"embeddable":true,"href":"https:\/\/zjarr.tv\/en\/wp-json\/wp\/v2\/media\/93141"}],"wp:attachment":[{"href":"https:\/\/zjarr.tv\/en\/wp-json\/wp\/v2\/media?parent=93140"}],"wp:term":[{"taxonomy":"category","embeddable":true,"href":"https:\/\/zjarr.tv\/en\/wp-json\/wp\/v2\/categories?post=93140"},{"taxonomy":"post_tag","embeddable":true,"href":"https:\/\/zjarr.tv\/en\/wp-json\/wp\/v2\/tags?post=93140"}],"curies":[{"name":"wp","href":"https:\/\/api.w.org\/{rel}","templated":true}]}}