{"id":93143,"date":"2019-06-29T13:11:48","date_gmt":"2019-06-29T11:11:48","guid":{"rendered":"https:\/\/zjarr.tv\/?p=93143"},"modified":"2019-06-29T13:11:48","modified_gmt":"2019-06-29T11:11:48","slug":"deputeti-gjerman-dhuna-ne-zgjedhje-minon-progresin-e-shqiperise-ne-procesin-e-integrimit-ne-be","status":"publish","type":"post","link":"https:\/\/zjarr.tv\/en\/deputeti-gjerman-dhuna-ne-zgjedhje-minon-progresin-e-shqiperise-ne-procesin-e-integrimit-ne-be\/","title":{"rendered":"Deputeti gjerman: Dhuna n\u00eb zgjedhje, minon progresin e Shqip\u00ebris\u00eb n\u00eb procesin e integrimit n\u00eb BE"},"content":{"rendered":"<p>Deputeti gjerman Manuel Sarrazin ka d\u00ebnuar sulmet e dhunshme n\u00eb KZAZ e Shqip\u00ebris\u00eb.<\/p>\n<p>N\u00eb nj\u00eb postim n\u00eb Twitter, tha se dhuna n\u00eb zgjedhje do minoj\u00eb procesin e integrimit t\u00eb Shqip\u00ebris\u00eb n\u00eb Be.<\/p>\n<p><em>&#8220;I d\u00ebnoj t\u00eb gjitha sulmet e dhunshme n\u00eb Shqip\u00ebri. Minimi i zgjedhjeve lokale nes\u00ebr mund t\u00eb minoj\u00eb gjithashtu progresin e vendit n\u00eb procesin e integrimit n\u00eb BE. U b\u00ebj thirrje t\u00eb gjitha pal\u00ebve t\u00eb mund\u00ebsojn\u00eb dhe sigurojn\u00eb nj\u00eb protest\u00eb paq\u00ebsore,&#8221;-<\/em>shkroi\u00a0Sarrazin.<\/p>\n<p>&nbsp;<\/p>","protected":false},"excerpt":{"rendered":"<p>Deputeti gjerman Manuel Sarrazin ka d\u00ebnuar sulmet e dhunshme n\u00eb KZAZ e Shqip\u00ebris\u00eb. N\u00eb nj\u00eb postim n\u00eb Twitter, tha se dhuna n\u00eb zgjedhje do minoj\u00eb procesin e integrimit t\u00eb Shqip\u00ebris\u00eb n\u00eb Be. &#8220;I d\u00ebnoj t\u00eb gjitha sulmet e dhunshme n\u00eb Shqip\u00ebri. Minimi i zgjedhjeve lokale nes\u00ebr mund t\u00eb minoj\u00eb gjithashtu progresin e vendit n\u00eb procesin [&hellip;]<\/p>\n","protected":false},"author":2013,"featured_media":93144,"comment_status":"open","ping_status":"closed","sticky":false,"template":"","format":"standard","meta":{"footnotes":""},"categories":[241,235],"tags":[],"class_list":{"0":"post-93143","1":"post","2":"type-post","3":"status-publish","4":"format-standard","5":"has-post-thumbnail","7":"category-aktualitet","8":"category-vendi"},"_links":{"self":[{"href":"https:\/\/zjarr.tv\/en\/wp-json\/wp\/v2\/posts\/93143","targetHints":{"allow":["GET"]}}],"collection":[{"href":"https:\/\/zjarr.tv\/en\/wp-json\/wp\/v2\/posts"}],"about":[{"href":"https:\/\/zjarr.tv\/en\/wp-json\/wp\/v2\/types\/post"}],"author":[{"embeddable":true,"href":"https:\/\/zjarr.tv\/en\/wp-json\/wp\/v2\/users\/2013"}],"replies":[{"embeddable":true,"href":"https:\/\/zjarr.tv\/en\/wp-json\/wp\/v2\/comments?post=93143"}],"version-history":[{"count":0,"href":"https:\/\/zjarr.tv\/en\/wp-json\/wp\/v2\/posts\/93143\/revisions"}],"wp:featuredmedia":[{"embeddable":true,"href":"https:\/\/zjarr.tv\/en\/wp-json\/wp\/v2\/media\/93144"}],"wp:attachment":[{"href":"https:\/\/zjarr.tv\/en\/wp-json\/wp\/v2\/media?parent=93143"}],"wp:term":[{"taxonomy":"category","embeddable":true,"href":"https:\/\/zjarr.tv\/en\/wp-json\/wp\/v2\/categories?post=93143"},{"taxonomy":"post_tag","embeddable":true,"href":"https:\/\/zjarr.tv\/en\/wp-json\/wp\/v2\/tags?post=93143"}],"curies":[{"name":"wp","href":"https:\/\/api.w.org\/{rel}","templated":true}]}}