{"id":93153,"date":"2019-06-29T13:17:21","date_gmt":"2019-06-29T11:17:21","guid":{"rendered":"https:\/\/zjarr.tv\/?p=93153"},"modified":"2019-06-29T13:17:21","modified_gmt":"2019-06-29T11:17:21","slug":"manjani-kapet-me-nderkombetaret-qesharake-sa-me-ska","status":"publish","type":"post","link":"https:\/\/zjarr.tv\/en\/manjani-kapet-me-nderkombetaret-qesharake-sa-me-ska\/","title":{"rendered":"Manjani kapet me nd\u00ebrkomb\u00ebtar\u00ebt: Qesharak\u00eb sa m\u00eb s\u2019ka"},"content":{"rendered":"<p>Ish-ministri i Drejt\u00ebsis\u00eb Ylli Manjani thot\u00eb se nd\u00ebrkomb\u00ebtar\u00ebt, duke nisur nga delegacioni i BE, prezenca e OSBE, ambasada amerikane e ndonj\u00eb mision tjet\u00ebr i huaj jan\u00eb b\u00ebr\u00eb qesharak\u00eb sa m\u00eb s\u2019ka.<\/p>\n<p>Ai thot\u00eb se sa her\u00eb t\u00eb flasin p\u00ebr sundim t\u00eb ligjit vet\u00ebm do t\u00eb qesh\u00eb, nd\u00ebrsa i akuzon se kan\u00eb mb\u00ebshtetur sundimin e autokracis\u00eb ekstreme n\u00eb Shqip\u00ebri.<\/p>\n<p>\u201cTani e tutje sa her\u00eb t\u00eb d\u00ebgjoj nga Delegacioni i BE, Prezenca e OSBE, Ambasada e USA e ndonj\u00eb mision tjet\u00ebr t\u00eb huajsh q\u00eb t\u00eb flasin p\u00ebr Rule of La\u00eb (sundim t\u00eb ligjit) n\u00eb Shqip\u00ebri, vet\u00ebm do qesh!<\/p>\n<p>Sepse n\u00eb fakt jan\u00eb b\u00ebr\u00eb qesharak\u00eb sa m\u00eb s\u2019ka!<br \/>\nKan\u00eb mb\u00ebshtetur sundimin e autokracis\u00eb ekstreme n\u00eb k\u00ebt\u00eb vend. Ndaj s\u2019mund t\u00eb na japin m\u00eb mend p\u00ebr sundim t\u00eb ligjit!<br \/>\nE kan\u00eb humbur fytyr\u00ebn t\u00eb na flasin p\u00ebr ligj e ligjshm\u00ebri.<br \/>\nNe do ta gjejm\u00eb nj\u00eb rrug\u00eb p\u00ebr t\u2019u vendosur normalitetin Kushtetues n\u00eb vend, por qart\u00ebsisht k\u00ebt\u00eb nuk do ta b\u00ebjm\u00eb as me Sore\u00e7\u00ebn, as me Leylan, aq m\u00eb pak me Boschard e shok\u00ebt e tjer\u00eb si k\u00ebto.<br \/>\nTurp! Turp! Turp!\u201d, shkruan Manjani.<\/p>","protected":false},"excerpt":{"rendered":"<p>Ish-ministri i Drejt\u00ebsis\u00eb Ylli Manjani thot\u00eb se nd\u00ebrkomb\u00ebtar\u00ebt, duke nisur nga delegacioni i BE, prezenca e OSBE, ambasada amerikane e ndonj\u00eb mision tjet\u00ebr i huaj jan\u00eb b\u00ebr\u00eb qesharak\u00eb sa m\u00eb s\u2019ka. Ai thot\u00eb se sa her\u00eb t\u00eb flasin p\u00ebr sundim t\u00eb ligjit vet\u00ebm do t\u00eb qesh\u00eb, nd\u00ebrsa i akuzon se kan\u00eb mb\u00ebshtetur sundimin e autokracis\u00eb [&hellip;]<\/p>\n","protected":false},"author":2013,"featured_media":56686,"comment_status":"open","ping_status":"closed","sticky":false,"template":"","format":"standard","meta":{"footnotes":""},"categories":[241,235],"tags":[],"class_list":{"0":"post-93153","1":"post","2":"type-post","3":"status-publish","4":"format-standard","5":"has-post-thumbnail","7":"category-aktualitet","8":"category-vendi"},"_links":{"self":[{"href":"https:\/\/zjarr.tv\/en\/wp-json\/wp\/v2\/posts\/93153","targetHints":{"allow":["GET"]}}],"collection":[{"href":"https:\/\/zjarr.tv\/en\/wp-json\/wp\/v2\/posts"}],"about":[{"href":"https:\/\/zjarr.tv\/en\/wp-json\/wp\/v2\/types\/post"}],"author":[{"embeddable":true,"href":"https:\/\/zjarr.tv\/en\/wp-json\/wp\/v2\/users\/2013"}],"replies":[{"embeddable":true,"href":"https:\/\/zjarr.tv\/en\/wp-json\/wp\/v2\/comments?post=93153"}],"version-history":[{"count":0,"href":"https:\/\/zjarr.tv\/en\/wp-json\/wp\/v2\/posts\/93153\/revisions"}],"wp:featuredmedia":[{"embeddable":true,"href":"https:\/\/zjarr.tv\/en\/wp-json\/wp\/v2\/media\/56686"}],"wp:attachment":[{"href":"https:\/\/zjarr.tv\/en\/wp-json\/wp\/v2\/media?parent=93153"}],"wp:term":[{"taxonomy":"category","embeddable":true,"href":"https:\/\/zjarr.tv\/en\/wp-json\/wp\/v2\/categories?post=93153"},{"taxonomy":"post_tag","embeddable":true,"href":"https:\/\/zjarr.tv\/en\/wp-json\/wp\/v2\/tags?post=93153"}],"curies":[{"name":"wp","href":"https:\/\/api.w.org\/{rel}","templated":true}]}}