{"id":93155,"date":"2019-06-29T13:27:12","date_gmt":"2019-06-29T11:27:12","guid":{"rendered":"https:\/\/zjarr.tv\/?p=93155"},"modified":"2019-06-29T13:27:12","modified_gmt":"2019-06-29T11:27:12","slug":"si-u-dhunua-gruaja-ne-0300-te-mengjesit-na-shperthyen-deren-e-shtepise-policia-ishte-me-maska","status":"publish","type":"post","link":"https:\/\/zjarr.tv\/en\/si-u-dhunua-gruaja-ne-0300-te-mengjesit-na-shperthyen-deren-e-shtepise-policia-ishte-me-maska\/","title":{"rendered":"Si u dhunua gruaja n\u00eb 03:00 t\u00eb m\u00ebngjesit: Na shp\u00ebrthyen der\u00ebn e sht\u00ebpis\u00eb, policia ishte me maska"},"content":{"rendered":"<p>D\u00ebshmia e qytetarit Korab Shehi, i cili tregon dhun\u00ebn e ushtruar nga policia gjat\u00eb nat\u00ebs n\u00eb Dib\u00ebr, me maska dhe me arm\u00eb. Dhuna e policis\u00eb e cila provohet edhe nga pamjet filmike, nuk ka kursyer edhe grat\u00eb dhe f\u00ebmij\u00ebt.<\/p>\n<p>\u201cIshte ora 03.00 e m\u00ebngjesit. Un\u00eb rri n\u00eb kat t\u00eb par\u00eb dhe n\u00eb kat t\u00eb dyt\u00eb dhe t\u00eb tret\u00eb I kishin thyer dyert t\u00eb gjitha. Kur dola un\u00eb ata po zbritnin posht\u00eb. Ishin me maksa, kallashnikov dhe gjith\u00e7ka. N\u00eb at\u00eb koh\u00eb u thash\u00eb: \u00c7far\u00eb \u00ebsht\u00eb? Jo skemi pun\u00eb, m\u00eb tha kush je. I thash\u00eb emrin, pastaj ata shkuan te nusja e kush\u00ebririt. Ngaq\u00eb e dija q\u00eb ishte me 3 f\u00ebmij\u00eb t\u00eb vegj\u00ebl shkova atje. Kur shkova atje, ata aty m\u00eb shtyn\u00eb, nuk m\u00eb lan\u00eb dhe m\u00eb p\u00ebrplas\u00ebn p\u00ebr mur. Nuk m\u00eb lan\u00eb q\u00eb t\u00eb shkoj aty. E dija q\u00eb kishte p\u00ebr ti r\u00ebn\u00eb t\u00eb fik\u00ebt nuses s\u00eb kush\u00ebririt. Asaj I ra t\u00eb fik\u00ebt n\u00eb rrug\u00eb, nd\u00ebrsa djali I kush\u00ebririt shkoi t\u00eb marr\u00eb makin\u00ebn, polic\u00ebt I than\u00eb; lere t\u00eb vdes\u00eb n\u00eb rrug\u00eb, sepse I ra t\u00eb fik\u00ebt n\u00eb rrug\u00eb. Polic\u00ebt na kan\u00eb godit mua dhe djalin e kush\u00ebririt, na kan\u00eb rrahur. I kan\u00eb future dhe n\u00eb furgon dhe i kan\u00eb rrahur me shkop gome, plus q\u00eb e kan\u00eb godit dhe n\u00eb fytyra\u201d<\/p>\n<p>&nbsp;<\/p>","protected":false},"excerpt":{"rendered":"<p>D\u00ebshmia e qytetarit Korab Shehi, i cili tregon dhun\u00ebn e ushtruar nga policia gjat\u00eb nat\u00ebs n\u00eb Dib\u00ebr, me maska dhe me arm\u00eb. Dhuna e policis\u00eb e cila provohet edhe nga pamjet filmike, nuk ka kursyer edhe grat\u00eb dhe f\u00ebmij\u00ebt. \u201cIshte ora 03.00 e m\u00ebngjesit. Un\u00eb rri n\u00eb kat t\u00eb par\u00eb dhe n\u00eb kat t\u00eb dyt\u00eb [&hellip;]<\/p>\n","protected":false},"author":2013,"featured_media":93156,"comment_status":"open","ping_status":"closed","sticky":false,"template":"","format":"standard","meta":{"footnotes":""},"categories":[241,235],"tags":[],"class_list":{"0":"post-93155","1":"post","2":"type-post","3":"status-publish","4":"format-standard","5":"has-post-thumbnail","7":"category-aktualitet","8":"category-vendi"},"_links":{"self":[{"href":"https:\/\/zjarr.tv\/en\/wp-json\/wp\/v2\/posts\/93155","targetHints":{"allow":["GET"]}}],"collection":[{"href":"https:\/\/zjarr.tv\/en\/wp-json\/wp\/v2\/posts"}],"about":[{"href":"https:\/\/zjarr.tv\/en\/wp-json\/wp\/v2\/types\/post"}],"author":[{"embeddable":true,"href":"https:\/\/zjarr.tv\/en\/wp-json\/wp\/v2\/users\/2013"}],"replies":[{"embeddable":true,"href":"https:\/\/zjarr.tv\/en\/wp-json\/wp\/v2\/comments?post=93155"}],"version-history":[{"count":0,"href":"https:\/\/zjarr.tv\/en\/wp-json\/wp\/v2\/posts\/93155\/revisions"}],"wp:featuredmedia":[{"embeddable":true,"href":"https:\/\/zjarr.tv\/en\/wp-json\/wp\/v2\/media\/93156"}],"wp:attachment":[{"href":"https:\/\/zjarr.tv\/en\/wp-json\/wp\/v2\/media?parent=93155"}],"wp:term":[{"taxonomy":"category","embeddable":true,"href":"https:\/\/zjarr.tv\/en\/wp-json\/wp\/v2\/categories?post=93155"},{"taxonomy":"post_tag","embeddable":true,"href":"https:\/\/zjarr.tv\/en\/wp-json\/wp\/v2\/tags?post=93155"}],"curies":[{"name":"wp","href":"https:\/\/api.w.org\/{rel}","templated":true}]}}