{"id":93185,"date":"2019-06-29T14:47:49","date_gmt":"2019-06-29T12:47:49","guid":{"rendered":"https:\/\/zjarr.tv\/?p=93185"},"modified":"2019-06-29T14:47:49","modified_gmt":"2019-06-29T12:47:49","slug":"zgjedhjet-tabaku-po-kercenohen-qytetaret-me-aftesi-te-kufizuara","status":"publish","type":"post","link":"https:\/\/zjarr.tv\/en\/zgjedhjet-tabaku-po-kercenohen-qytetaret-me-aftesi-te-kufizuara\/","title":{"rendered":"Zgjedhjet\/Tabaku: Po k\u00ebrc\u00ebnohen qytetar\u00ebt me aft\u00ebsi t\u00eb kufizuara"},"content":{"rendered":"<p>Ish-deputetja e Partis\u00eb Demokratike, Jorida Tabaku n\u00eb nj\u00eb dalje p\u00ebr mediat tha se kryeministri Edi Rama dhe disa prej kandidat\u00ebve t\u00eb bashkive kan\u00eb k\u00ebrc\u00ebnuar qytetar\u00ebt me aft\u00ebsi t\u00eb kufizuara se do t\u2019u heqin kemp-in n\u00ebse nuk marrin pjes\u00eb n\u00eb zgjedhje.<\/p>\n<p>Sipas Tabakut, ka qen\u00eb kryetarja e bashkis\u00eb Roskovec, e cila ka ushtruar presion ndaj qytetar\u00ebve me aft\u00ebsi t\u00eb kufizuara dhe duke i k\u00ebrc\u00ebnuar me heqjen e kemp-it n\u00ebse nuk marri pjes\u00eb n\u00eb zgjedhjet e s\u00eb diel\u00ebs. Ish-deputetja tha se kryeministri Edi Rama k\u00ebrkon edhe viktima p\u00ebr t\u00eb mbajtur n\u00eb k\u00ebmb\u00eb pushtetin e tij<\/p>\n<p>\u201cDhuna shtet\u00ebrore\u00a0 dhe klika e Edi Ram\u00ebs po i detyron qytetar\u00eb t\u00eb votojn\u00eb\u00a0 dhe nuk po kursen ask\u00ebnd. D\u00ebshmit\u00eb e familjareve faktojn\u00eb se Majlinda Bufi n\u00eb Roskovec ka k\u00ebrc\u00ebnuar qytetar\u00ebt\u00a0 me aft\u00ebsi t\u00eb kufizuar p\u00ebr heqja kemp-in. Mbi k\u00ebto shtresa\u00a0 po ushtron dhun\u00eb qeveria e Edi Ram\u00ebs. Kjo d\u00ebshmi \u00ebsht\u00eb b\u00ebr\u00eb publike nga mediat, por p\u00ebr k\u00ebt\u00eb nuk ka asnj\u00eb reagim q\u00eb duhet t\u00eb mbroj\u00eb k\u00ebta shtresa. Ai p\u00ebr karrigen e tij \u00ebsht\u00eb gati t\u00eb shkat\u00ebrroj\u00eb \u00e7do gj\u00eb.Edi Rama k\u00ebrkon viktima dhe ndaj nxit konflikt, por ne nuk do t\u00eb lejojm\u00eb q\u00eb jeta e shqiptar\u00ebve t\u00eb preket\u201d-tha Tabaku.<\/p>\n<p>&nbsp;<\/p>","protected":false},"excerpt":{"rendered":"<p>Ish-deputetja e Partis\u00eb Demokratike, Jorida Tabaku n\u00eb nj\u00eb dalje p\u00ebr mediat tha se kryeministri Edi Rama dhe disa prej kandidat\u00ebve t\u00eb bashkive kan\u00eb k\u00ebrc\u00ebnuar qytetar\u00ebt me aft\u00ebsi t\u00eb kufizuara se do t\u2019u heqin kemp-in n\u00ebse nuk marrin pjes\u00eb n\u00eb zgjedhje. Sipas Tabakut, ka qen\u00eb kryetarja e bashkis\u00eb Roskovec, e cila ka ushtruar presion ndaj qytetar\u00ebve [&hellip;]<\/p>\n","protected":false},"author":2013,"featured_media":0,"comment_status":"open","ping_status":"closed","sticky":false,"template":"","format":"standard","meta":{"footnotes":""},"categories":[241,235],"tags":[],"class_list":{"0":"post-93185","1":"post","2":"type-post","3":"status-publish","4":"format-standard","6":"category-aktualitet","7":"category-vendi"},"_links":{"self":[{"href":"https:\/\/zjarr.tv\/en\/wp-json\/wp\/v2\/posts\/93185","targetHints":{"allow":["GET"]}}],"collection":[{"href":"https:\/\/zjarr.tv\/en\/wp-json\/wp\/v2\/posts"}],"about":[{"href":"https:\/\/zjarr.tv\/en\/wp-json\/wp\/v2\/types\/post"}],"author":[{"embeddable":true,"href":"https:\/\/zjarr.tv\/en\/wp-json\/wp\/v2\/users\/2013"}],"replies":[{"embeddable":true,"href":"https:\/\/zjarr.tv\/en\/wp-json\/wp\/v2\/comments?post=93185"}],"version-history":[{"count":0,"href":"https:\/\/zjarr.tv\/en\/wp-json\/wp\/v2\/posts\/93185\/revisions"}],"wp:attachment":[{"href":"https:\/\/zjarr.tv\/en\/wp-json\/wp\/v2\/media?parent=93185"}],"wp:term":[{"taxonomy":"category","embeddable":true,"href":"https:\/\/zjarr.tv\/en\/wp-json\/wp\/v2\/categories?post=93185"},{"taxonomy":"post_tag","embeddable":true,"href":"https:\/\/zjarr.tv\/en\/wp-json\/wp\/v2\/tags?post=93185"}],"curies":[{"name":"wp","href":"https:\/\/api.w.org\/{rel}","templated":true}]}}