{"id":93188,"date":"2019-06-29T14:50:01","date_gmt":"2019-06-29T12:50:01","guid":{"rendered":"https:\/\/zjarr.tv\/?p=93188"},"modified":"2019-06-29T14:50:01","modified_gmt":"2019-06-29T12:50:01","slug":"edhe-tirana-kunder-votimeve-qytetaret-proteste-para-qendres-se-votimit-ne-shkollen-e-kuqe","status":"publish","type":"post","link":"https:\/\/zjarr.tv\/en\/edhe-tirana-kunder-votimeve-qytetaret-proteste-para-qendres-se-votimit-ne-shkollen-e-kuqe\/","title":{"rendered":"Edhe Tirana kund\u00ebr votimeve, qytetar\u00ebt protest\u00eb para qendr\u00ebs s\u00eb votimit n\u00eb \u2018Shkoll\u00ebn e Kuqe\u2019"},"content":{"rendered":"<p>Pas rretheve q\u00eb jan\u00eb ngritur n\u00eb protest\u00ebs kund\u00ebr zgjedhjeve moniste, edhe n\u00eb Tiran\u00eb, qytetar\u00ebt kan\u00eb nisur t\u00eb mblidhen para qendrave vendore ku protestojn\u00eb kund\u00ebr mbajtjes s\u00eb k\u00ebtyre votime.<\/p>\n<p>Banor\u00eb t\u00eb nj\u00ebsis\u00eb administrative nr.8 n\u00eb kryeqytet jan\u00eb mbledhur pran\u00eb \u201cShkoll\u00ebs s\u00eb Kuqe\u201d, e cila dit\u00ebn e nes\u00ebrme do t\u00eb sh\u00ebrbej\u00eb si qend\u00ebr votimi.<\/p>\n<p>Forca t\u00eb shumta policia ndodhen nd\u00ebrkoh\u00eb n\u00eb vendngjarje, p\u00ebr t\u00eb shmangur agravimin e situat\u00ebs. PD ka paralajm\u00ebruar protesta edhe p\u00ebrgjat\u00eb dit\u00ebs s\u00eb diel\u00eb. Demokrat\u00ebt kan\u00eb apeluar shqiptar\u00ebt t\u00eb mos marrin pjes\u00ebn n\u00eb votimet e dit\u00ebs s\u00eb nes\u00ebrme , ku qytetar\u00ebt ftohen p\u00ebr t\u00eb votuar dhe jo p\u00ebr t\u00eb zgjedhur me kandidat\u00ebve t\u00eb pushtetit vendor.<\/p>\n<p>&nbsp;<\/p>","protected":false},"excerpt":{"rendered":"<p>Pas rretheve q\u00eb jan\u00eb ngritur n\u00eb protest\u00ebs kund\u00ebr zgjedhjeve moniste, edhe n\u00eb Tiran\u00eb, qytetar\u00ebt kan\u00eb nisur t\u00eb mblidhen para qendrave vendore ku protestojn\u00eb kund\u00ebr mbajtjes s\u00eb k\u00ebtyre votime. Banor\u00eb t\u00eb nj\u00ebsis\u00eb administrative nr.8 n\u00eb kryeqytet jan\u00eb mbledhur pran\u00eb \u201cShkoll\u00ebs s\u00eb Kuqe\u201d, e cila dit\u00ebn e nes\u00ebrme do t\u00eb sh\u00ebrbej\u00eb si qend\u00ebr votimi. Forca t\u00eb shumta [&hellip;]<\/p>\n","protected":false},"author":2013,"featured_media":93189,"comment_status":"open","ping_status":"closed","sticky":false,"template":"","format":"standard","meta":{"footnotes":""},"categories":[241,235],"tags":[],"class_list":{"0":"post-93188","1":"post","2":"type-post","3":"status-publish","4":"format-standard","5":"has-post-thumbnail","7":"category-aktualitet","8":"category-vendi"},"_links":{"self":[{"href":"https:\/\/zjarr.tv\/en\/wp-json\/wp\/v2\/posts\/93188","targetHints":{"allow":["GET"]}}],"collection":[{"href":"https:\/\/zjarr.tv\/en\/wp-json\/wp\/v2\/posts"}],"about":[{"href":"https:\/\/zjarr.tv\/en\/wp-json\/wp\/v2\/types\/post"}],"author":[{"embeddable":true,"href":"https:\/\/zjarr.tv\/en\/wp-json\/wp\/v2\/users\/2013"}],"replies":[{"embeddable":true,"href":"https:\/\/zjarr.tv\/en\/wp-json\/wp\/v2\/comments?post=93188"}],"version-history":[{"count":0,"href":"https:\/\/zjarr.tv\/en\/wp-json\/wp\/v2\/posts\/93188\/revisions"}],"wp:featuredmedia":[{"embeddable":true,"href":"https:\/\/zjarr.tv\/en\/wp-json\/wp\/v2\/media\/93189"}],"wp:attachment":[{"href":"https:\/\/zjarr.tv\/en\/wp-json\/wp\/v2\/media?parent=93188"}],"wp:term":[{"taxonomy":"category","embeddable":true,"href":"https:\/\/zjarr.tv\/en\/wp-json\/wp\/v2\/categories?post=93188"},{"taxonomy":"post_tag","embeddable":true,"href":"https:\/\/zjarr.tv\/en\/wp-json\/wp\/v2\/tags?post=93188"}],"curies":[{"name":"wp","href":"https:\/\/api.w.org\/{rel}","templated":true}]}}