{"id":93207,"date":"2019-06-29T15:39:53","date_gmt":"2019-06-29T13:39:53","guid":{"rendered":"https:\/\/zjarr.tv\/?p=93207"},"modified":"2019-06-29T15:39:53","modified_gmt":"2019-06-29T13:39:53","slug":"noka-banditet-do-vishen-si-police-provokojne-perplasje-civile","status":"publish","type":"post","link":"https:\/\/zjarr.tv\/en\/noka-banditet-do-vishen-si-police-provokojne-perplasje-civile\/","title":{"rendered":"Noka: Bandit\u00ebt do vishen si polic\u00eb, provokojn\u00eb p\u00ebrplasje civile"},"content":{"rendered":"<p>Ish-deputeti i PD Flamur Noka n\u00eb nj\u00eb deklarate p\u00ebr mediat tha se regjimi i Edi Ram\u00ebs ka nj\u00eb skenar p\u00ebr t\u00eb provokuar dhun\u00eb n\u00eb Dib\u00ebr dhe n\u00eb mbar\u00eb Shqip\u00ebrin\u00eb.<\/p>\n<p>Noka u shpreh se bandit\u00eb e persona t\u00eb paidentifikuar do t\u00eb vish\u00ebn t\u00eb diel\u00ebn si polic\u00eb. Ai shtoi se ata jan\u00eb persona t\u00eb urdh\u00ebruar nga Rama dhe Lleshaj p\u00ebr t\u00eb provokuar trazira, nd\u00ebrsa shtoi se qytetar\u00ebt nuk do lejojn\u00eb nj\u00eb skenar t\u00eb till\u00eb kriminal.<\/p>\n<p>\u201cPolicia dhe shteti skenar diktatorial p\u00ebr trazime, p\u00ebr t\u2019ia hedhur PD-s\u00eb. Diet\u00ebn e diel do t\u00eb veshin uniform\u00ebn policore. Ushtria po transportohet drejt Dibr\u00ebs p\u00ebr t\u00eb veshur policin\u00eb. Kriminel\u00eb dhe ushtar\u00eb t\u00eb veshur si polic\u00eb, militant\u00ebt e Rilindjes t\u00eb provokojn\u00eb dhun\u00eb dhe p\u00ebrplasje me qytetar\u00ebt q\u00eb protestojn\u00eb kund\u00ebr Ram\u00ebs n\u00eb mbar\u00eb vendin.<\/p>\n<p>Edi Rama dhe Sand\u00ebr Lleshaj po kryejn\u00eb veprat penale nenin 246 dhe nenin 247 me k\u00ebt\u00eb loj\u00eb q\u00eb po b\u00ebjn\u00eb. Me gjith\u00eb angazhimin e gjith\u00eb veglave t\u00eb Rilindjes, ky skenar do t\u00eb d\u00ebshtoj\u00eb. Dhuna shtet\u00ebrore e Edi Ram\u00ebs nuk do t\u00eb tolerohet. Shqiptar\u00ebt do t\u00eb reagojn\u00eb kund\u00ebr instalimit t\u00eb nj\u00eb diktature t\u00eb re n\u00eb Shqip\u00ebri. PD fton \u00e7do qytetar q\u00eb t\u00eb mos bjer\u00eb pre e provokimeve t\u00eb Ram\u00ebs. Sfidoni Edi Ram\u00ebn dhe mos dilni n\u00eb votimet fars\u00eb. Fotografoni dhe denonconi cdo dhun\u00eb e presion q\u00eb regjimi b\u00ebn\u201d, tha Noka.<\/p>\n<p>&nbsp;<\/p>","protected":false},"excerpt":{"rendered":"<p>Ish-deputeti i PD Flamur Noka n\u00eb nj\u00eb deklarate p\u00ebr mediat tha se regjimi i Edi Ram\u00ebs ka nj\u00eb skenar p\u00ebr t\u00eb provokuar dhun\u00eb n\u00eb Dib\u00ebr dhe n\u00eb mbar\u00eb Shqip\u00ebrin\u00eb. Noka u shpreh se bandit\u00eb e persona t\u00eb paidentifikuar do t\u00eb vish\u00ebn t\u00eb diel\u00ebn si polic\u00eb. Ai shtoi se ata jan\u00eb persona t\u00eb urdh\u00ebruar nga Rama [&hellip;]<\/p>\n","protected":false},"author":2013,"featured_media":51686,"comment_status":"open","ping_status":"closed","sticky":false,"template":"","format":"standard","meta":{"footnotes":""},"categories":[241,235],"tags":[],"class_list":{"0":"post-93207","1":"post","2":"type-post","3":"status-publish","4":"format-standard","5":"has-post-thumbnail","7":"category-aktualitet","8":"category-vendi"},"_links":{"self":[{"href":"https:\/\/zjarr.tv\/en\/wp-json\/wp\/v2\/posts\/93207","targetHints":{"allow":["GET"]}}],"collection":[{"href":"https:\/\/zjarr.tv\/en\/wp-json\/wp\/v2\/posts"}],"about":[{"href":"https:\/\/zjarr.tv\/en\/wp-json\/wp\/v2\/types\/post"}],"author":[{"embeddable":true,"href":"https:\/\/zjarr.tv\/en\/wp-json\/wp\/v2\/users\/2013"}],"replies":[{"embeddable":true,"href":"https:\/\/zjarr.tv\/en\/wp-json\/wp\/v2\/comments?post=93207"}],"version-history":[{"count":0,"href":"https:\/\/zjarr.tv\/en\/wp-json\/wp\/v2\/posts\/93207\/revisions"}],"wp:featuredmedia":[{"embeddable":true,"href":"https:\/\/zjarr.tv\/en\/wp-json\/wp\/v2\/media\/51686"}],"wp:attachment":[{"href":"https:\/\/zjarr.tv\/en\/wp-json\/wp\/v2\/media?parent=93207"}],"wp:term":[{"taxonomy":"category","embeddable":true,"href":"https:\/\/zjarr.tv\/en\/wp-json\/wp\/v2\/categories?post=93207"},{"taxonomy":"post_tag","embeddable":true,"href":"https:\/\/zjarr.tv\/en\/wp-json\/wp\/v2\/tags?post=93207"}],"curies":[{"name":"wp","href":"https:\/\/api.w.org\/{rel}","templated":true}]}}