{"id":93237,"date":"2019-06-29T16:17:05","date_gmt":"2019-06-29T14:17:05","guid":{"rendered":"https:\/\/zjarr.tv\/?p=93237"},"modified":"2019-06-29T16:17:05","modified_gmt":"2019-06-29T14:17:05","slug":"sinjalet-e-para-per-dialog-rama-i-gatshem-te-ulem-me-bashen-nga-1-korriku","status":"publish","type":"post","link":"https:\/\/zjarr.tv\/en\/sinjalet-e-para-per-dialog-rama-i-gatshem-te-ulem-me-bashen-nga-1-korriku\/","title":{"rendered":"Sinjalet e para p\u00ebr dialog?! Rama: I gatsh\u00ebm t\u00eb ulem me Bash\u00ebn nga 1 korriku"},"content":{"rendered":"<p>N\u00eb nj\u00eb moment kur situata politike \u00ebsht\u00eb tejet e tensionuar, dhe Partia Socialiste shkon n\u00eb zgjedhje pa rival, Edi Rama ka dh\u00ebn\u00eb sinjalet e para p\u00ebr zgjidhjen e kriz\u00ebs. Ai shprehet i gatsh\u00ebm q\u00eb n\u00eb 1 korrik t\u00eb ulet me Bash\u00ebn p\u00ebr t\u00eb gjetur zgjidhje, nd\u00ebrsa deklarata e Erion Veliajt, ishte m\u00eb e drejtp\u00ebrdrejt\u00eb, kur tha se me shum\u00eb gjasa Rama n\u00eb 1 korrik e fton Bash\u00ebn n\u00eb zgjedhje t\u00eb parakohshme.<br \/>\nPartia Socialiste, po shkon p\u00ebr her\u00eb t\u00eb par\u00eb pas r\u00ebnies s\u00eb komunizmit, pa rival n\u00eb zgjedhejet vendore. Edhe pse Partia Demokratike dhe aleat\u00ebt e saj nuk u regjistruan n\u00eb gar\u00ebn e 30 qershorit, kryeministri Edi Rama u shfaq i prer\u00eb q\u00eb n\u00eb krye t\u00eb her\u00ebs p\u00ebr t\u00eb mos e l\u00ebvizur dat\u00ebn, strategji kjo shum\u00eb pak e kuptueshme. Por n\u00eb kulmin tensionit politik dhe kur z\u00ebrat nd\u00ebrkomb\u00ebtar jan\u00eb shtuar ndejsh\u00ebm, p\u00ebr zgjidhjen e kriz\u00ebs politike pas votimeve t\u00eb 30 qershorit, kryeministri Edi Rama, ka dh\u00ebn\u00eb sinjalin e par\u00eb, pik\u00ebrish n\u00eb dit\u00ebn q\u00eb mbylli fusht\u00ebn elektorale.<br \/>\nKryeministri tha se ai \u00ebsht\u00eb i gatsh\u00ebm q\u00eb t\u00eb ulet p\u00ebr dialog me Bash\u00ebn qysh t\u00eb h\u00ebn\u00ebn e 1 korrikut.<br \/>\nRama: Kam k\u00ebrkuar dialog, dialog, dialog. Jam i gatsh\u00ebm t\u00eb ulem n\u00eb dialog, t\u00eb h\u00ebn\u00ebn, direkt dhe t\u00eb diskutojm\u00eb jo p\u00ebr kriz\u00ebn e PD, por t\u00eb diskutojm\u00eb \u00e7far\u00eb marr\u00ebdh\u00ebniesh bashk\u00ebpunimi mes opozit\u00ebs s\u00eb rrug\u00ebs dhe shumic\u00ebs qeveris\u00ebse.<br \/>\nP\u00ebrtej artikulimit t\u00eb kryeministrit, bindja u forcua me deklart\u00ebn e nj\u00eb figure tjet\u00ebr me mjaft pesh\u00eb n\u00eb Partin\u00eb Socialiste, Kryebashkiakun Erion Veliaj. Ai ishte pothuajse i bindur se me 1 korrik, Edi Rama, do ta ftoj\u00eb kreun e opozit\u00ebs n\u00eb zgjedhje t\u00eb parakohshme.<br \/>\nVeliaj: Un\u00eb v\u00eb bast, n\u00ebse Edi Rama i thot\u00eb n\u00eb 1 korrik dhe me gjas\u00eb do e b\u00ebj\u00eb nj\u00eb ftes\u00eb, i thot\u00eb Luli hajde t\u00eb b\u00ebjm\u00eb zgjedhje nuk ka shans n\u00eb bot\u00eb q\u00eb PD me 15% dhe LSI me 1 % t\u00eb jen\u00eb gati p\u00ebr disfat\u00ebn e radh\u00ebs.<br \/>\nN\u00eb bllok, pothuajse t\u00eb gjitha selit\u00eb diplomatike t\u00eb vendeve t\u00eb bashkimit evropian por dhe Shtete e Bashkuara t\u00eb Amerik\u00ebs, kan\u00eb k\u00ebrkuar q\u00eb n\u00eb 30 qershor opozita t\u00eb shmang\u00eb p\u00ebrplasjet, duke e vene theksin tek nj\u00eb marr\u00ebveshje politike e mundshme q\u00eb i jep zgjidhje kriz\u00ebs duke filluar q\u00eb nga 1 korriku.<\/p>","protected":false},"excerpt":{"rendered":"<p>N\u00eb nj\u00eb moment kur situata politike \u00ebsht\u00eb tejet e tensionuar, dhe Partia Socialiste shkon n\u00eb zgjedhje pa rival, Edi Rama ka dh\u00ebn\u00eb sinjalet e para p\u00ebr zgjidhjen e kriz\u00ebs. Ai shprehet i gatsh\u00ebm q\u00eb n\u00eb 1 korrik t\u00eb ulet me Bash\u00ebn p\u00ebr t\u00eb gjetur zgjidhje, nd\u00ebrsa deklarata e Erion Veliajt, ishte m\u00eb e drejtp\u00ebrdrejt\u00eb, kur [&hellip;]<\/p>\n","protected":false},"author":2013,"featured_media":91003,"comment_status":"open","ping_status":"closed","sticky":false,"template":"","format":"standard","meta":{"footnotes":""},"categories":[241,235],"tags":[],"class_list":{"0":"post-93237","1":"post","2":"type-post","3":"status-publish","4":"format-standard","5":"has-post-thumbnail","7":"category-aktualitet","8":"category-vendi"},"_links":{"self":[{"href":"https:\/\/zjarr.tv\/en\/wp-json\/wp\/v2\/posts\/93237","targetHints":{"allow":["GET"]}}],"collection":[{"href":"https:\/\/zjarr.tv\/en\/wp-json\/wp\/v2\/posts"}],"about":[{"href":"https:\/\/zjarr.tv\/en\/wp-json\/wp\/v2\/types\/post"}],"author":[{"embeddable":true,"href":"https:\/\/zjarr.tv\/en\/wp-json\/wp\/v2\/users\/2013"}],"replies":[{"embeddable":true,"href":"https:\/\/zjarr.tv\/en\/wp-json\/wp\/v2\/comments?post=93237"}],"version-history":[{"count":0,"href":"https:\/\/zjarr.tv\/en\/wp-json\/wp\/v2\/posts\/93237\/revisions"}],"wp:featuredmedia":[{"embeddable":true,"href":"https:\/\/zjarr.tv\/en\/wp-json\/wp\/v2\/media\/91003"}],"wp:attachment":[{"href":"https:\/\/zjarr.tv\/en\/wp-json\/wp\/v2\/media?parent=93237"}],"wp:term":[{"taxonomy":"category","embeddable":true,"href":"https:\/\/zjarr.tv\/en\/wp-json\/wp\/v2\/categories?post=93237"},{"taxonomy":"post_tag","embeddable":true,"href":"https:\/\/zjarr.tv\/en\/wp-json\/wp\/v2\/tags?post=93237"}],"curies":[{"name":"wp","href":"https:\/\/api.w.org\/{rel}","templated":true}]}}