{"id":93256,"date":"2019-06-29T16:34:36","date_gmt":"2019-06-29T14:34:36","guid":{"rendered":"https:\/\/zjarr.tv\/?p=93256"},"modified":"2019-06-29T16:34:36","modified_gmt":"2019-06-29T14:34:36","slug":"pd-tha-se-gruaja-eshte-dhunuar-doktori-ja-sindromat-e-pacientes","status":"publish","type":"post","link":"https:\/\/zjarr.tv\/en\/pd-tha-se-gruaja-eshte-dhunuar-doktori-ja-sindromat-e-pacientes\/","title":{"rendered":"PD tha se gruaja \u00ebsht\u00eb dhunuar, doktori: Ja sindromat e pacientes"},"content":{"rendered":"<p>Shefi i Urgjenc\u00ebs n\u00eb Spitalin e Peshkopis\u00eb Dr. Hajri Lusha sqaron dhun\u00ebn e pretenduar nga PD nga Policia ndaj shtetases Af\u00ebrdita Shehu n\u00eb or\u00ebt e para t\u00eb dit\u00ebs s\u00eb sotme.<\/p>\n<p>Sipas mjekut, pacientja ka mb\u00ebrritur n\u00eb nj\u00eb gjendje t\u00eb renduar emocionale, sindroma neurotik me gjendje lipotomie, shkaktuar nga arrestimi i nj\u00eb prej familjar\u00ebve t\u00eb saj.<\/p>\n<p>N\u00eb videon e shp\u00ebrndar\u00eb nga strukturat e PS Dib\u00ebr thuhet se ajo ka marr\u00eb asistence t\u00eb menj\u00ebhershme dhe i jan\u00eb b\u00ebr\u00eb kontrollet e duhura mjek\u00ebsore, t\u00eb cilat konfirmojn\u00eb se nuk ka patur asnj\u00eb shenj\u00eb dhune.<\/p>\n<p>K\u00ebt\u00eb e konfirmon edhe fakti se pacientja ka q\u00ebndruar m\u00eb pak se nj\u00eb or\u00eb n\u00eb spital dhe prej or\u00ebsh ndodhet n\u00eb banes\u00ebn e saj. Dr. Lusha i b\u00ebn thirrje forcave politike t\u00eb mos abuzojn\u00eb me pacient\u00ebt e t\u00eb mos p\u00ebrhapin panik p\u00ebr situata t\u00eb stisura.<\/p>\n<p>&nbsp;<\/p>","protected":false},"excerpt":{"rendered":"<p>Shefi i Urgjenc\u00ebs n\u00eb Spitalin e Peshkopis\u00eb Dr. Hajri Lusha sqaron dhun\u00ebn e pretenduar nga PD nga Policia ndaj shtetases Af\u00ebrdita Shehu n\u00eb or\u00ebt e para t\u00eb dit\u00ebs s\u00eb sotme. Sipas mjekut, pacientja ka mb\u00ebrritur n\u00eb nj\u00eb gjendje t\u00eb renduar emocionale, sindroma neurotik me gjendje lipotomie, shkaktuar nga arrestimi i nj\u00eb prej familjar\u00ebve t\u00eb saj. [&hellip;]<\/p>\n","protected":false},"author":2013,"featured_media":93257,"comment_status":"open","ping_status":"closed","sticky":false,"template":"","format":"standard","meta":{"footnotes":""},"categories":[241,235],"tags":[],"class_list":{"0":"post-93256","1":"post","2":"type-post","3":"status-publish","4":"format-standard","5":"has-post-thumbnail","7":"category-aktualitet","8":"category-vendi"},"_links":{"self":[{"href":"https:\/\/zjarr.tv\/en\/wp-json\/wp\/v2\/posts\/93256","targetHints":{"allow":["GET"]}}],"collection":[{"href":"https:\/\/zjarr.tv\/en\/wp-json\/wp\/v2\/posts"}],"about":[{"href":"https:\/\/zjarr.tv\/en\/wp-json\/wp\/v2\/types\/post"}],"author":[{"embeddable":true,"href":"https:\/\/zjarr.tv\/en\/wp-json\/wp\/v2\/users\/2013"}],"replies":[{"embeddable":true,"href":"https:\/\/zjarr.tv\/en\/wp-json\/wp\/v2\/comments?post=93256"}],"version-history":[{"count":0,"href":"https:\/\/zjarr.tv\/en\/wp-json\/wp\/v2\/posts\/93256\/revisions"}],"wp:featuredmedia":[{"embeddable":true,"href":"https:\/\/zjarr.tv\/en\/wp-json\/wp\/v2\/media\/93257"}],"wp:attachment":[{"href":"https:\/\/zjarr.tv\/en\/wp-json\/wp\/v2\/media?parent=93256"}],"wp:term":[{"taxonomy":"category","embeddable":true,"href":"https:\/\/zjarr.tv\/en\/wp-json\/wp\/v2\/categories?post=93256"},{"taxonomy":"post_tag","embeddable":true,"href":"https:\/\/zjarr.tv\/en\/wp-json\/wp\/v2\/tags?post=93256"}],"curies":[{"name":"wp","href":"https:\/\/api.w.org\/{rel}","templated":true}]}}