{"id":93776,"date":"2019-07-01T17:35:13","date_gmt":"2019-07-01T15:35:13","guid":{"rendered":"https:\/\/zjarr.tv\/?p=93776"},"modified":"2019-07-01T17:35:13","modified_gmt":"2019-07-01T15:35:13","slug":"diber-arrestohet-djali-i-ish-deputetit-te-pd-se","status":"publish","type":"post","link":"https:\/\/zjarr.tv\/en\/diber-arrestohet-djali-i-ish-deputetit-te-pd-se\/","title":{"rendered":"Dib\u00ebr, arrestohet djali i ish-deputetit t\u00eb PD-s\u00eb"},"content":{"rendered":"<p>Policia e Dib\u00ebr ka arrestuar para pak minutash djalin e ish deputetit t\u00eb PD-s\u00eb, Xhemal Gjunkshi. Ai akuzohet si nj\u00eb prej organizator\u00ebve dhe pjes\u00ebmarr\u00ebsve n\u00eb ngjarjet n\u00eb KZAZ-n\u00eb e Dibr\u00ebs m\u00eb 28 qershor. Pas ndalimit dhe shoq\u00ebrimit n\u00eb polici, djali i Gjunkshit \u00ebsht\u00eb l\u00ebn\u00eb i lir\u00eb. Nd\u00ebrkoh\u00eb, raportohet se, n\u00eb polici \u00ebsht\u00eb shoq\u00ebruar edhe sekretari i PD-s\u00eb p\u00ebr Dibr\u00ebn.<\/p>\n<p>&nbsp;<\/p>","protected":false},"excerpt":{"rendered":"<p>Policia e Dib\u00ebr ka arrestuar para pak minutash djalin e ish deputetit t\u00eb PD-s\u00eb, Xhemal Gjunkshi. Ai akuzohet si nj\u00eb prej organizator\u00ebve dhe pjes\u00ebmarr\u00ebsve n\u00eb ngjarjet n\u00eb KZAZ-n\u00eb e Dibr\u00ebs m\u00eb 28 qershor. Pas ndalimit dhe shoq\u00ebrimit n\u00eb polici, djali i Gjunkshit \u00ebsht\u00eb l\u00ebn\u00eb i lir\u00eb. Nd\u00ebrkoh\u00eb, raportohet se, n\u00eb polici \u00ebsht\u00eb shoq\u00ebruar edhe sekretari [&hellip;]<\/p>\n","protected":false},"author":2013,"featured_media":55592,"comment_status":"open","ping_status":"closed","sticky":false,"template":"","format":"standard","meta":{"footnotes":""},"categories":[241,235],"tags":[],"class_list":{"0":"post-93776","1":"post","2":"type-post","3":"status-publish","4":"format-standard","5":"has-post-thumbnail","7":"category-aktualitet","8":"category-vendi"},"_links":{"self":[{"href":"https:\/\/zjarr.tv\/en\/wp-json\/wp\/v2\/posts\/93776","targetHints":{"allow":["GET"]}}],"collection":[{"href":"https:\/\/zjarr.tv\/en\/wp-json\/wp\/v2\/posts"}],"about":[{"href":"https:\/\/zjarr.tv\/en\/wp-json\/wp\/v2\/types\/post"}],"author":[{"embeddable":true,"href":"https:\/\/zjarr.tv\/en\/wp-json\/wp\/v2\/users\/2013"}],"replies":[{"embeddable":true,"href":"https:\/\/zjarr.tv\/en\/wp-json\/wp\/v2\/comments?post=93776"}],"version-history":[{"count":0,"href":"https:\/\/zjarr.tv\/en\/wp-json\/wp\/v2\/posts\/93776\/revisions"}],"wp:featuredmedia":[{"embeddable":true,"href":"https:\/\/zjarr.tv\/en\/wp-json\/wp\/v2\/media\/55592"}],"wp:attachment":[{"href":"https:\/\/zjarr.tv\/en\/wp-json\/wp\/v2\/media?parent=93776"}],"wp:term":[{"taxonomy":"category","embeddable":true,"href":"https:\/\/zjarr.tv\/en\/wp-json\/wp\/v2\/categories?post=93776"},{"taxonomy":"post_tag","embeddable":true,"href":"https:\/\/zjarr.tv\/en\/wp-json\/wp\/v2\/tags?post=93776"}],"curies":[{"name":"wp","href":"https:\/\/api.w.org\/{rel}","templated":true}]}}