{"id":93801,"date":"2019-07-01T18:37:11","date_gmt":"2019-07-01T16:37:11","guid":{"rendered":"https:\/\/zjarr.tv\/?p=93801"},"modified":"2019-07-01T18:37:11","modified_gmt":"2019-07-01T16:37:11","slug":"pas-takimit-me-bashen-kryemadhi-85-e-shqiptareve-i-thane-jo-rames-cdo-gje-ka-rene","status":"publish","type":"post","link":"https:\/\/zjarr.tv\/en\/pas-takimit-me-bashen-kryemadhi-85-e-shqiptareve-i-thane-jo-rames-cdo-gje-ka-rene\/","title":{"rendered":"Pas takimit me Bash\u00ebn\/ Kryemadhi: 85% e shqiptar\u00ebve i than\u00eb &#8216;jo&#8217; Ram\u00ebs, \u00e7do gj\u00eb ka r\u00ebn\u00eb"},"content":{"rendered":"<p>Kryetarja e LSI-s\u00eb, Monika Kryemadhi, n\u00eb p\u00ebrfundim t\u00eb takimit me kryetarin e PD-s\u00eb, Lulzim Basha, n\u00eb selin\u00eb blu, \u00ebsht\u00eb shprehur se e r\u00ebnd\u00ebsishme pas votimeve t\u00eb 30 qershorit \u00ebsht\u00eb fakti q\u00eb, 85% e shqiptar\u00ebve i than\u00eb \u201cJo\u201d Edi Ram\u00ebs.<\/p>\n<p>Sipas kryetares s\u00eb LSI, tashm\u00eb \u00e7do gj\u00eb n\u00eb vend \u00ebsht\u00eb ilegjitime.<\/p>\n<p>&#8220;T\u00eb gjitha do t\u00eb vijn\u00eb hap pas hapi, e r\u00ebnd\u00ebsishme \u00ebsht\u00eb q\u00eb 85% e shqiptar\u00ebve i than\u00eb jo Edi Ram\u00ebs. \u00c7do gj\u00eb ka r\u00ebn\u00eb, \u00e7do gj\u00eb \u00ebsht\u00eb ilegjitime&#8221; tha Kryemadhi. N\u00eb takim me kreun e PD-s\u00eb, dit\u00ebn e sotme kan\u00eb qen\u00eb edhe aletat\u00ebt e tjer\u00eb, Fatmir Mediu, Dashamir Shehi, Vangjel Dule, Agron Duka dhe Vangjel Dule.<\/p>\n<p>&nbsp;<\/p>","protected":false},"excerpt":{"rendered":"<p>Kryetarja e LSI-s\u00eb, Monika Kryemadhi, n\u00eb p\u00ebrfundim t\u00eb takimit me kryetarin e PD-s\u00eb, Lulzim Basha, n\u00eb selin\u00eb blu, \u00ebsht\u00eb shprehur se e r\u00ebnd\u00ebsishme pas votimeve t\u00eb 30 qershorit \u00ebsht\u00eb fakti q\u00eb, 85% e shqiptar\u00ebve i than\u00eb \u201cJo\u201d Edi Ram\u00ebs. Sipas kryetares s\u00eb LSI, tashm\u00eb \u00e7do gj\u00eb n\u00eb vend \u00ebsht\u00eb ilegjitime. &#8220;T\u00eb gjitha do t\u00eb vijn\u00eb [&hellip;]<\/p>\n","protected":false},"author":2013,"featured_media":70237,"comment_status":"open","ping_status":"closed","sticky":false,"template":"","format":"standard","meta":{"footnotes":""},"categories":[241,235],"tags":[],"class_list":{"0":"post-93801","1":"post","2":"type-post","3":"status-publish","4":"format-standard","5":"has-post-thumbnail","7":"category-aktualitet","8":"category-vendi"},"_links":{"self":[{"href":"https:\/\/zjarr.tv\/en\/wp-json\/wp\/v2\/posts\/93801","targetHints":{"allow":["GET"]}}],"collection":[{"href":"https:\/\/zjarr.tv\/en\/wp-json\/wp\/v2\/posts"}],"about":[{"href":"https:\/\/zjarr.tv\/en\/wp-json\/wp\/v2\/types\/post"}],"author":[{"embeddable":true,"href":"https:\/\/zjarr.tv\/en\/wp-json\/wp\/v2\/users\/2013"}],"replies":[{"embeddable":true,"href":"https:\/\/zjarr.tv\/en\/wp-json\/wp\/v2\/comments?post=93801"}],"version-history":[{"count":0,"href":"https:\/\/zjarr.tv\/en\/wp-json\/wp\/v2\/posts\/93801\/revisions"}],"wp:featuredmedia":[{"embeddable":true,"href":"https:\/\/zjarr.tv\/en\/wp-json\/wp\/v2\/media\/70237"}],"wp:attachment":[{"href":"https:\/\/zjarr.tv\/en\/wp-json\/wp\/v2\/media?parent=93801"}],"wp:term":[{"taxonomy":"category","embeddable":true,"href":"https:\/\/zjarr.tv\/en\/wp-json\/wp\/v2\/categories?post=93801"},{"taxonomy":"post_tag","embeddable":true,"href":"https:\/\/zjarr.tv\/en\/wp-json\/wp\/v2\/tags?post=93801"}],"curies":[{"name":"wp","href":"https:\/\/api.w.org\/{rel}","templated":true}]}}