{"id":93803,"date":"2019-07-01T18:38:48","date_gmt":"2019-07-01T16:38:48","guid":{"rendered":"https:\/\/zjarr.tv\/?p=93803"},"modified":"2019-07-01T18:38:48","modified_gmt":"2019-07-01T16:38:48","slug":"klajda-gjosha-zgjedhjet-moniste-qytetaret-refuzuan-masivisht","status":"publish","type":"post","link":"https:\/\/zjarr.tv\/en\/klajda-gjosha-zgjedhjet-moniste-qytetaret-refuzuan-masivisht\/","title":{"rendered":"Klajda Gjosha: Zgjedhjet moniste, qytetar\u00ebt refuzuan masivisht"},"content":{"rendered":"<p>Ish-ministrja e Integrimit Klajda Gjosha p\u00ebrmes nj\u00eb statusi n\u00eb \u201cFacebook\u201d shkruan se zgjedhjet q\u00eb u mbajt\u00ebn ishin moniste.<\/p>\n<p>Gjosha shprehet se qytetar\u00ebt refuzuan masivisht t\u00eb shkojn\u00eb n\u00eb zgjedhje me nj\u00eb alternativ\u00eb. Ajo thekson se vet\u00ebm dekreti i presidentit \u00ebsht\u00eb i ligjsh\u00ebm.<\/p>\n<p><strong>Postimi i Klajda Gjosh\u00ebs:<\/strong><\/p>\n<p>N\u00eb aren\u00ebn politike shqiptare, dy dit\u00ebt e fundit kan\u00eb q\u00ebn\u00eb t\u00eb mbingarkuara n\u00eb fokusin e votimeve t\u00eb dat\u00ebs 30 Qershor dhe diskutimet kan\u00eb q\u00ebn\u00eb nga m\u00eb t\u00eb ndryshmet, q\u00eb nga m\u00ebnyra se si u realizuan k\u00ebto votime, vet\u00eb monitorimi vet\u00eb num\u00ebrimi nga Partia Socialiste dhe deri te raporti i sot\u00ebm, paraprak i OSBE-ODHIRIT!<\/p>\n<p>Panorama ishte sa e trisht\u00eb aq edhe nj\u00eb rikthim i historis\u00eb p\u00ebr t\u00eb gjith\u00eb ata q\u00eb kan\u00eb p\u00ebrjetuar regjimin komunist, apo edhe nj\u00eb eksperienc\u00eb e re p\u00ebr shum\u00eb prej gjenerat\u00ebs time dhe m\u00eb t\u00eb rinj, q\u00eb nuk kan\u00eb e njohur realitetin e atyre viteve t\u00eb r\u00ebnda p\u00ebr Shqip\u00ebrin\u00eb.<\/p>\n<p>Megjithat\u00eb, shqiptar\u00ebt dje fol\u00ebn me shum\u00eb dinjitet, me gjuh\u00ebn e paqes dhe t\u00eb respektit ndaj nj\u00ebri tjetrit, duke treguar qart\u00eb se ata nuk duan t\u00eb kthehen n\u00eb t\u00eb shkuar\u00ebn, por ata besojn\u00eb te ardhmja europiane e Shqip\u00ebris\u00eb, te demokracia, pluralizmi politik dhe te e drejta p\u00ebr t\u00eb zgjedhur t\u00eb lir\u00eb dhe me alternativ\u00eb! Shqiptar\u00ebt nuk e pranojn\u00eb m\u00eb presionin, k\u00ebrc\u00ebnimin p\u00ebr t\u00eb shkuar n\u00eb votime nga frika se do t\u00eb humbasin vendin e pun\u00ebs, buk\u00ebn e f\u00ebmij\u00ebve.<\/p>\n<p>Jam krenare p\u00ebr nj\u00eb popull q\u00eb m\u00eb n\u00eb fund arriti t\u00eb vendoste vet\u00eb, pa ndihm\u00ebn e askujt, t\u00eb delegjitimonte fars\u00ebn e votimeve n\u00ebn mbikqyrjen e sistemit monopartiak! Jam krenare q\u00eb qytetar\u00ebt e k\u00ebtij vendi nuk presin legjitimim apo jo t\u00eb zgjedhjeve nga askush, sepse ata din\u00eb t\u00eb flasin me gjuh\u00ebn e tyre paq\u00ebsore p\u00ebr t\u2019i treguar t\u00eb gjith\u00ebve se vet\u00ebm k\u00ebshtu mund t\u00eb nd\u00ebrtohet demokracia e v\u00ebrtet\u00eb.<\/p>\n<p>N\u00ebse dikush sot ka ende dilem\u00ebn n\u00ebse njihen apo jo votimet e dat\u00ebs 30 Qershor, besoj se verdiktin e dhan\u00eb qytetar\u00ebt Shqiptar\u00eb, duke refuzuar votimet n\u00eb mas\u00eb apo duke shprehur injorimin e tyre n\u00ebp\u00ebrmjet memeve t\u00eb shkruara mbi flet\u00ebt e votimit! Diskutimi mbi dat\u00ebn e zgjedhjeve dhe dekretin e Presidentit tashm\u00eb i takon vet\u00ebm Gjykat\u00ebs Kushtetuese dhe jo pallavrave t\u00eb politik\u00ebs moniste!<\/p>\n<p>Sot nis beteja e v\u00ebrtet\u00eb p\u00ebr sistemin, p\u00ebr ndryshimin e politik\u00ebs q\u00eb p\u00ebrq\u00ebndrohet te vetvetja, n\u00eb nj\u00eb politik\u00eb me njer\u00ebzit dhe p\u00ebr njer\u00ebzit! Opozita mund t\u00eb ket\u00eb shum\u00eb gabime, por ajo sot ka vendosur nj\u00eb gur themeli t\u00eb fort\u00eb nga ku mund t\u00eb ringrihet Shqip\u00ebria, nd\u00ebrsa \u2018Mbreti Lakuriq\u2019 \u00ebsht\u00eb pasqyra m\u00eb e qart\u00eb e keq qeverisjes, nga e cila t\u00eb gjith\u00eb duhet t\u00eb nxjerrim m\u00ebsime!<\/p>\n<p>&nbsp;<\/p>","protected":false},"excerpt":{"rendered":"<p>Ish-ministrja e Integrimit Klajda Gjosha p\u00ebrmes nj\u00eb statusi n\u00eb \u201cFacebook\u201d shkruan se zgjedhjet q\u00eb u mbajt\u00ebn ishin moniste. Gjosha shprehet se qytetar\u00ebt refuzuan masivisht t\u00eb shkojn\u00eb n\u00eb zgjedhje me nj\u00eb alternativ\u00eb. Ajo thekson se vet\u00ebm dekreti i presidentit \u00ebsht\u00eb i ligjsh\u00ebm. Postimi i Klajda Gjosh\u00ebs: N\u00eb aren\u00ebn politike shqiptare, dy dit\u00ebt e fundit kan\u00eb q\u00ebn\u00eb [&hellip;]<\/p>\n","protected":false},"author":2013,"featured_media":60938,"comment_status":"open","ping_status":"closed","sticky":false,"template":"","format":"standard","meta":{"footnotes":""},"categories":[241,235],"tags":[],"class_list":{"0":"post-93803","1":"post","2":"type-post","3":"status-publish","4":"format-standard","5":"has-post-thumbnail","7":"category-aktualitet","8":"category-vendi"},"_links":{"self":[{"href":"https:\/\/zjarr.tv\/en\/wp-json\/wp\/v2\/posts\/93803","targetHints":{"allow":["GET"]}}],"collection":[{"href":"https:\/\/zjarr.tv\/en\/wp-json\/wp\/v2\/posts"}],"about":[{"href":"https:\/\/zjarr.tv\/en\/wp-json\/wp\/v2\/types\/post"}],"author":[{"embeddable":true,"href":"https:\/\/zjarr.tv\/en\/wp-json\/wp\/v2\/users\/2013"}],"replies":[{"embeddable":true,"href":"https:\/\/zjarr.tv\/en\/wp-json\/wp\/v2\/comments?post=93803"}],"version-history":[{"count":0,"href":"https:\/\/zjarr.tv\/en\/wp-json\/wp\/v2\/posts\/93803\/revisions"}],"wp:featuredmedia":[{"embeddable":true,"href":"https:\/\/zjarr.tv\/en\/wp-json\/wp\/v2\/media\/60938"}],"wp:attachment":[{"href":"https:\/\/zjarr.tv\/en\/wp-json\/wp\/v2\/media?parent=93803"}],"wp:term":[{"taxonomy":"category","embeddable":true,"href":"https:\/\/zjarr.tv\/en\/wp-json\/wp\/v2\/categories?post=93803"},{"taxonomy":"post_tag","embeddable":true,"href":"https:\/\/zjarr.tv\/en\/wp-json\/wp\/v2\/tags?post=93803"}],"curies":[{"name":"wp","href":"https:\/\/api.w.org\/{rel}","templated":true}]}}