{"id":93811,"date":"2019-07-01T18:47:06","date_gmt":"2019-07-01T16:47:06","guid":{"rendered":"https:\/\/zjarr.tv\/?p=93811"},"modified":"2019-07-01T18:47:06","modified_gmt":"2019-07-01T16:47:06","slug":"osbe-kushtetuesja-vendos-per-dekretin-e-presidentit-ilir-meta","status":"publish","type":"post","link":"https:\/\/zjarr.tv\/en\/osbe-kushtetuesja-vendos-per-dekretin-e-presidentit-ilir-meta\/","title":{"rendered":"OSBE: Kushtetuesja vendos p\u00ebr dekretin e presidentit Ilir Meta"},"content":{"rendered":"<p>N\u00eb raportin me p\u00ebrfundimet paraprake p\u00ebr votimet e 30 qershorit, n\u00eb faqen 4 t\u00eb tij OSBE flet edhe p\u00ebr dekretet e presidentit Ilir Meta p\u00ebr t\u00eb shfuqizuar dat\u00ebn e par\u00eb p\u00ebr zgjedhjet lokale dhe m\u00eb pas nxjerrjen e nj\u00eb tjet\u00ebr dekreti ku zgjedhjet p\u00ebrcaktoheshin m\u00eb 13 tetor.<\/p>\n<p>Sipas OSBE-s\u00eb, Gjykata Kushtetuese \u00ebsht\u00eb i vetmi organ q\u00eb mund t\u00eb vendos\u00eb n\u00eb lidhje me kushtetueshm\u00ebrin\u00eb e dekreteve t\u00eb presidentit.<\/p>\n<p>\u201cDekretet e 10 qershorit dhe 27 qershorit t\u00eb Presidentit dhe ve\u00e7an\u00ebrisht reagimet e ndryshme q\u00eb ata ngjall\u00ebn mes aktor\u00ebve institucional\u00eb dhe politik\u00eb, kontribuuan t\u00eb gjitha bashk\u00eb n\u00eb pasiguri juridike dhe politike.<\/p>\n<p>Gj\u00ebrat u b\u00ebn\u00eb edhe m\u00eb komplekse p\u00ebr shkak t\u00eb munges\u00ebs s\u00eb nj\u00eb Gjykate Kushtetuese dhe nj\u00eb Gjykate t\u00eb Lart\u00eb funksionale, ku e para \u00ebsht\u00eb i vetmi organ i mandatuar p\u00ebr t\u00eb vendosur n\u00eb lidhje me kushtetueshm\u00ebrin\u00eb e dekreteve t\u00eb Presidentit\u201d, thuhet n\u00eb raport.<\/p>\n<p>&nbsp;<\/p>","protected":false},"excerpt":{"rendered":"<p>N\u00eb raportin me p\u00ebrfundimet paraprake p\u00ebr votimet e 30 qershorit, n\u00eb faqen 4 t\u00eb tij OSBE flet edhe p\u00ebr dekretet e presidentit Ilir Meta p\u00ebr t\u00eb shfuqizuar dat\u00ebn e par\u00eb p\u00ebr zgjedhjet lokale dhe m\u00eb pas nxjerrjen e nj\u00eb tjet\u00ebr dekreti ku zgjedhjet p\u00ebrcaktoheshin m\u00eb 13 tetor. Sipas OSBE-s\u00eb, Gjykata Kushtetuese \u00ebsht\u00eb i vetmi organ [&hellip;]<\/p>\n","protected":false},"author":2013,"featured_media":90832,"comment_status":"open","ping_status":"closed","sticky":false,"template":"","format":"standard","meta":{"footnotes":""},"categories":[241,235],"tags":[],"class_list":{"0":"post-93811","1":"post","2":"type-post","3":"status-publish","4":"format-standard","5":"has-post-thumbnail","7":"category-aktualitet","8":"category-vendi"},"_links":{"self":[{"href":"https:\/\/zjarr.tv\/en\/wp-json\/wp\/v2\/posts\/93811","targetHints":{"allow":["GET"]}}],"collection":[{"href":"https:\/\/zjarr.tv\/en\/wp-json\/wp\/v2\/posts"}],"about":[{"href":"https:\/\/zjarr.tv\/en\/wp-json\/wp\/v2\/types\/post"}],"author":[{"embeddable":true,"href":"https:\/\/zjarr.tv\/en\/wp-json\/wp\/v2\/users\/2013"}],"replies":[{"embeddable":true,"href":"https:\/\/zjarr.tv\/en\/wp-json\/wp\/v2\/comments?post=93811"}],"version-history":[{"count":0,"href":"https:\/\/zjarr.tv\/en\/wp-json\/wp\/v2\/posts\/93811\/revisions"}],"wp:featuredmedia":[{"embeddable":true,"href":"https:\/\/zjarr.tv\/en\/wp-json\/wp\/v2\/media\/90832"}],"wp:attachment":[{"href":"https:\/\/zjarr.tv\/en\/wp-json\/wp\/v2\/media?parent=93811"}],"wp:term":[{"taxonomy":"category","embeddable":true,"href":"https:\/\/zjarr.tv\/en\/wp-json\/wp\/v2\/categories?post=93811"},{"taxonomy":"post_tag","embeddable":true,"href":"https:\/\/zjarr.tv\/en\/wp-json\/wp\/v2\/tags?post=93811"}],"curies":[{"name":"wp","href":"https:\/\/api.w.org\/{rel}","templated":true}]}}