{"id":93893,"date":"2019-07-02T13:04:01","date_gmt":"2019-07-02T11:04:01","guid":{"rendered":"https:\/\/zjarr.tv\/?p=93893"},"modified":"2019-07-02T13:04:01","modified_gmt":"2019-07-02T11:04:01","slug":"reforma-koloni-e-sorosit-plasari-me-ne-fund-se-u-bene-4-vite-qe-e-them","status":"publish","type":"post","link":"https:\/\/zjarr.tv\/en\/reforma-koloni-e-sorosit-plasari-me-ne-fund-se-u-bene-4-vite-qe-e-them\/","title":{"rendered":"\u2018Reforma koloni e Sorosit\u2019\/ Plasari: M\u00eb n\u00eb fund, se u b\u00ebn\u00eb 4 vite q\u00eb e them"},"content":{"rendered":"<p>Studiuesi dhe pedagogu i njohur, Aurel Plasari ka reaguar pas deklarat\u00ebs s\u00eb fort\u00eb t\u00eb presidenti Ilir Meta i cili tha se \u2018Reforma n\u00eb Drejt\u00ebsi \u00ebsht\u00eb nj\u00eb koloni personale e nj\u00eb fondacioni bot\u00ebror\u2019.<\/p>\n<p>Edhe Plasari shkruan se m\u00eb n\u00eb fund dikush e tha nj\u00eb t\u00eb v\u00ebrtet\u00eb q\u00eb ai e thot\u00eb prej 4 vitesh.<\/p>\n<p>Reagimi i Aurel Plasarit:<\/p>\n<p>M\u00eb n\u00eb fund! U b\u00ebn\u00eb kat\u00ebr vite q\u00eb e p\u00ebrs\u00ebris k\u00ebt\u00eb t\u00eb v\u00ebrtet\u00eb!<\/p>\n<p>Pres q\u00eb, tanim\u00eb, t\u00eb b\u00ebhen burra e t\u00eb pranojn\u00eb q\u00eb e quajtura \u2018Reform\u00eb n\u00eb Drejt\u00ebsi\u2019 e nj\u00eb fondacioni t\u00eb huaj privat e shpartalloi Republik\u00ebn e Shqip\u00ebris\u00eb nd\u00ebrsa ne po i num\u00ebrojm\u00eb asaj partallet&#8230;<\/p>","protected":false},"excerpt":{"rendered":"<p>Studiuesi dhe pedagogu i njohur, Aurel Plasari ka reaguar pas deklarat\u00ebs s\u00eb fort\u00eb t\u00eb presidenti Ilir Meta i cili tha se \u2018Reforma n\u00eb Drejt\u00ebsi \u00ebsht\u00eb nj\u00eb koloni personale e nj\u00eb fondacioni bot\u00ebror\u2019. Edhe Plasari shkruan se m\u00eb n\u00eb fund dikush e tha nj\u00eb t\u00eb v\u00ebrtet\u00eb q\u00eb ai e thot\u00eb prej 4 vitesh. Reagimi i Aurel [&hellip;]<\/p>\n","protected":false},"author":2013,"featured_media":93894,"comment_status":"open","ping_status":"closed","sticky":false,"template":"","format":"standard","meta":{"footnotes":""},"categories":[241,235],"tags":[],"class_list":{"0":"post-93893","1":"post","2":"type-post","3":"status-publish","4":"format-standard","5":"has-post-thumbnail","7":"category-aktualitet","8":"category-vendi"},"_links":{"self":[{"href":"https:\/\/zjarr.tv\/en\/wp-json\/wp\/v2\/posts\/93893","targetHints":{"allow":["GET"]}}],"collection":[{"href":"https:\/\/zjarr.tv\/en\/wp-json\/wp\/v2\/posts"}],"about":[{"href":"https:\/\/zjarr.tv\/en\/wp-json\/wp\/v2\/types\/post"}],"author":[{"embeddable":true,"href":"https:\/\/zjarr.tv\/en\/wp-json\/wp\/v2\/users\/2013"}],"replies":[{"embeddable":true,"href":"https:\/\/zjarr.tv\/en\/wp-json\/wp\/v2\/comments?post=93893"}],"version-history":[{"count":0,"href":"https:\/\/zjarr.tv\/en\/wp-json\/wp\/v2\/posts\/93893\/revisions"}],"wp:featuredmedia":[{"embeddable":true,"href":"https:\/\/zjarr.tv\/en\/wp-json\/wp\/v2\/media\/93894"}],"wp:attachment":[{"href":"https:\/\/zjarr.tv\/en\/wp-json\/wp\/v2\/media?parent=93893"}],"wp:term":[{"taxonomy":"category","embeddable":true,"href":"https:\/\/zjarr.tv\/en\/wp-json\/wp\/v2\/categories?post=93893"},{"taxonomy":"post_tag","embeddable":true,"href":"https:\/\/zjarr.tv\/en\/wp-json\/wp\/v2\/tags?post=93893"}],"curies":[{"name":"wp","href":"https:\/\/api.w.org\/{rel}","templated":true}]}}