{"id":93898,"date":"2019-07-02T13:07:34","date_gmt":"2019-07-02T11:07:34","guid":{"rendered":"https:\/\/zjarr.tv\/?p=93898"},"modified":"2019-07-02T13:07:34","modified_gmt":"2019-07-02T11:07:34","slug":"emerimet-ne-be-merkel-kerkon-kompromise-nga-te-gjithe","status":"publish","type":"post","link":"https:\/\/zjarr.tv\/en\/emerimet-ne-be-merkel-kerkon-kompromise-nga-te-gjithe\/","title":{"rendered":"Em\u00ebrimet n\u00eb BE: Merkel k\u00ebrkon kompromise nga t\u00eb gjith\u00eb"},"content":{"rendered":"<p>Lider\u00ebt e Bashkimit Evropian po vazhdojn\u00eb konsultimet maratonike, p\u00ebr em\u00ebrimin e udh\u00ebheq\u00ebsve t\u00eb institucioneve kryesore t\u00eb bllokut 28 an\u00ebtar\u00ebsh.<\/p>\n<p>Mospajtime t\u00eb thella po i shoq\u00ebrojn\u00eb k\u00ebto diskutime, pjes\u00ebrisht p\u00ebr shkak t\u00eb rivalitetit t\u00eb Franc\u00ebs dhe Gjermanis\u00eb p\u00ebr emrat e rinj, dhe poashtu p\u00ebr shkak t\u00eb mospajtimeve brenda grupeve politike q\u00eb jan\u00eb t\u00eb p\u00ebrfaq\u00ebsuara n\u00eb parlamentin evropian.<\/p>\n<p>Kancelarja e Gjermanis\u00eb, Angela Merkel deklaroi t\u00eb mart\u00ebn, se t\u00eb gjith\u00eb duhet t\u00eb b\u00ebjn\u00eb kompromise gjat\u00eb procesit t\u00eb em\u00ebrimit t\u00eb udh\u00ebheq\u00ebsve t\u00eb rinj t\u00eb institucioneve t\u00eb BE-s\u00eb.<\/p>\n<p>\u201cT\u00eb gjith\u00eb duhet ta kuptojn\u00eb, se duhet t\u00eb zhvendosen pak nga pozicionet. Pastaj do t\u00eb ket\u00eb nj\u00eb mund\u00ebsi p\u00ebr t\u00eb arritur marr\u00ebveshje\u201d, tha Merkel, transmeton REL.<\/p>\n<p>Lider\u00ebt e BE-s\u00eb, nuk arrit\u00ebn t\u00eb zgjidhnin emrin e kandidatit p\u00ebr t\u00eb kryesuar Komisionin Evropian, organin kryesor ekzekutiv t\u00eb BE-s\u00eb, pas diskutimeve q\u00eb kan\u00eb filluar t\u00eb diel\u00ebn n\u00eb Bruksel. Disa p\u00ebrfaq\u00ebsues t\u00eb vendeve an\u00ebtare kan\u00eb th\u00ebn\u00eb se nj\u00eb vendim mund t\u00eb merret gjat\u00eb dit\u00ebs s\u00eb mart\u00eb.<\/p>\n<p>&nbsp;<\/p>","protected":false},"excerpt":{"rendered":"<p>Lider\u00ebt e Bashkimit Evropian po vazhdojn\u00eb konsultimet maratonike, p\u00ebr em\u00ebrimin e udh\u00ebheq\u00ebsve t\u00eb institucioneve kryesore t\u00eb bllokut 28 an\u00ebtar\u00ebsh. Mospajtime t\u00eb thella po i shoq\u00ebrojn\u00eb k\u00ebto diskutime, pjes\u00ebrisht p\u00ebr shkak t\u00eb rivalitetit t\u00eb Franc\u00ebs dhe Gjermanis\u00eb p\u00ebr emrat e rinj, dhe poashtu p\u00ebr shkak t\u00eb mospajtimeve brenda grupeve politike q\u00eb jan\u00eb t\u00eb p\u00ebrfaq\u00ebsuara n\u00eb parlamentin [&hellip;]<\/p>\n","protected":false},"author":2013,"featured_media":58913,"comment_status":"open","ping_status":"closed","sticky":false,"template":"","format":"standard","meta":{"footnotes":""},"categories":[241,235],"tags":[],"class_list":{"0":"post-93898","1":"post","2":"type-post","3":"status-publish","4":"format-standard","5":"has-post-thumbnail","7":"category-aktualitet","8":"category-vendi"},"_links":{"self":[{"href":"https:\/\/zjarr.tv\/en\/wp-json\/wp\/v2\/posts\/93898","targetHints":{"allow":["GET"]}}],"collection":[{"href":"https:\/\/zjarr.tv\/en\/wp-json\/wp\/v2\/posts"}],"about":[{"href":"https:\/\/zjarr.tv\/en\/wp-json\/wp\/v2\/types\/post"}],"author":[{"embeddable":true,"href":"https:\/\/zjarr.tv\/en\/wp-json\/wp\/v2\/users\/2013"}],"replies":[{"embeddable":true,"href":"https:\/\/zjarr.tv\/en\/wp-json\/wp\/v2\/comments?post=93898"}],"version-history":[{"count":0,"href":"https:\/\/zjarr.tv\/en\/wp-json\/wp\/v2\/posts\/93898\/revisions"}],"wp:featuredmedia":[{"embeddable":true,"href":"https:\/\/zjarr.tv\/en\/wp-json\/wp\/v2\/media\/58913"}],"wp:attachment":[{"href":"https:\/\/zjarr.tv\/en\/wp-json\/wp\/v2\/media?parent=93898"}],"wp:term":[{"taxonomy":"category","embeddable":true,"href":"https:\/\/zjarr.tv\/en\/wp-json\/wp\/v2\/categories?post=93898"},{"taxonomy":"post_tag","embeddable":true,"href":"https:\/\/zjarr.tv\/en\/wp-json\/wp\/v2\/tags?post=93898"}],"curies":[{"name":"wp","href":"https:\/\/api.w.org\/{rel}","templated":true}]}}