{"id":93900,"date":"2019-07-02T13:08:55","date_gmt":"2019-07-02T11:08:55","guid":{"rendered":"https:\/\/zjarr.tv\/?p=93900"},"modified":"2019-07-02T13:08:55","modified_gmt":"2019-07-02T11:08:55","slug":"a-do-ta-dorezoje-voltana-ademi-postin-e-kryebashkiakes-ja-si-pergjigjet","status":"publish","type":"post","link":"https:\/\/zjarr.tv\/en\/a-do-ta-dorezoje-voltana-ademi-postin-e-kryebashkiakes-ja-si-pergjigjet\/","title":{"rendered":"A do ta dor\u00ebzoj\u00eb Voltana Ademi postin e kryebashkiakes? Ja si p\u00ebrgjigjet"},"content":{"rendered":"<p>Nga selia blu, ku Voltana Ademi dhe kryebashkiak\u00ebt e tjer\u00eb ishin n\u00eb takim me Bash\u00ebn tha se \u00ebsht\u00eb ende her\u00eb p\u00ebr t\u00eb vendosur n\u00ebse do t\u00eb duhet apo jo t\u00eb l\u00ebr\u00eb postin e kryebashkiakes.<\/p>\n<p><strong>Voltana Ademi:<\/strong>\u00a0J<em>emi akoma her\u00ebt p\u00ebr ta diskutuar k\u00ebt\u00eb. Mendoj q\u00eb raporti q\u00eb OSBE\/ODIHR \u00ebsht\u00eb nj\u00eb reflektim p\u00ebr popullin shqiptar. Do t\u00eb shohim zhvillimet jo vet\u00ebm t\u00eb klas\u00ebs politike, por edhe t\u00eb njer\u00ebzve. Ajo q\u00eb u tha t\u00eb diel\u00ebn \u00ebsht\u00eb reagimi m\u00eb i madh \u00a0popullor q\u00eb shqiptar\u00ebt mund t\u00eb ken\u00eb b\u00ebr\u00eb n\u00eb historin\u00eb e vet.\u00a0<\/em><\/p>\n<p>Voltana Ademi tha se situat\u00eb \u00ebsht\u00eb shum\u00eb e r\u00ebnd\u00eb, ndaj duhet reagim i gjith\u00eb njer\u00ebzve.<\/p>\n<p><strong>Voltana Ademi:\u00a0<\/strong><em>Situata \u00ebsht\u00eb shum\u00eb e r\u00ebnd\u00eb, e r\u00ebnd\u00eb p\u00ebr t\u00eb gjith\u00eb popullin dhe n\u00eb k\u00ebt\u00eb kontekst politikisht, por bashk\u00eb me gjith\u00eb njer\u00ebzit do t\u00eb duhet t\u00eb reagojm\u00eb dhe ta b\u00ebjm\u00eb t\u00eb mundur.<\/em><\/p>\n<p>&nbsp;<\/p>","protected":false},"excerpt":{"rendered":"<p>Nga selia blu, ku Voltana Ademi dhe kryebashkiak\u00ebt e tjer\u00eb ishin n\u00eb takim me Bash\u00ebn tha se \u00ebsht\u00eb ende her\u00eb p\u00ebr t\u00eb vendosur n\u00ebse do t\u00eb duhet apo jo t\u00eb l\u00ebr\u00eb postin e kryebashkiakes. Voltana Ademi:\u00a0Jemi akoma her\u00ebt p\u00ebr ta diskutuar k\u00ebt\u00eb. Mendoj q\u00eb raporti q\u00eb OSBE\/ODIHR \u00ebsht\u00eb nj\u00eb reflektim p\u00ebr popullin shqiptar. Do t\u00eb [&hellip;]<\/p>\n","protected":false},"author":2013,"featured_media":93358,"comment_status":"open","ping_status":"closed","sticky":false,"template":"","format":"standard","meta":{"footnotes":""},"categories":[241,235],"tags":[],"class_list":{"0":"post-93900","1":"post","2":"type-post","3":"status-publish","4":"format-standard","5":"has-post-thumbnail","7":"category-aktualitet","8":"category-vendi"},"_links":{"self":[{"href":"https:\/\/zjarr.tv\/en\/wp-json\/wp\/v2\/posts\/93900","targetHints":{"allow":["GET"]}}],"collection":[{"href":"https:\/\/zjarr.tv\/en\/wp-json\/wp\/v2\/posts"}],"about":[{"href":"https:\/\/zjarr.tv\/en\/wp-json\/wp\/v2\/types\/post"}],"author":[{"embeddable":true,"href":"https:\/\/zjarr.tv\/en\/wp-json\/wp\/v2\/users\/2013"}],"replies":[{"embeddable":true,"href":"https:\/\/zjarr.tv\/en\/wp-json\/wp\/v2\/comments?post=93900"}],"version-history":[{"count":0,"href":"https:\/\/zjarr.tv\/en\/wp-json\/wp\/v2\/posts\/93900\/revisions"}],"wp:featuredmedia":[{"embeddable":true,"href":"https:\/\/zjarr.tv\/en\/wp-json\/wp\/v2\/media\/93358"}],"wp:attachment":[{"href":"https:\/\/zjarr.tv\/en\/wp-json\/wp\/v2\/media?parent=93900"}],"wp:term":[{"taxonomy":"category","embeddable":true,"href":"https:\/\/zjarr.tv\/en\/wp-json\/wp\/v2\/categories?post=93900"},{"taxonomy":"post_tag","embeddable":true,"href":"https:\/\/zjarr.tv\/en\/wp-json\/wp\/v2\/tags?post=93900"}],"curies":[{"name":"wp","href":"https:\/\/api.w.org\/{rel}","templated":true}]}}