{"id":93902,"date":"2019-07-02T13:23:21","date_gmt":"2019-07-02T11:23:21","guid":{"rendered":"https:\/\/zjarr.tv\/?p=93902"},"modified":"2019-07-02T13:23:21","modified_gmt":"2019-07-02T11:23:21","slug":"policia-e-kosoves-patrullim-edhe-ne-sarande-e-vlore","status":"publish","type":"post","link":"https:\/\/zjarr.tv\/en\/policia-e-kosoves-patrullim-edhe-ne-sarande-e-vlore\/","title":{"rendered":"Policia e Kosov\u00ebs patrullim edhe n\u00eb Sarand\u00eb e Vlor\u00eb"},"content":{"rendered":"<p><em>Forcat e Policis\u00eb rrugore t\u00eb Kosov\u00ebs do t\u00eb patrullojn\u00eb k\u00ebt\u00eb vit p\u00ebr her\u00eb t\u00eb par\u00eb edhe n\u00eb rrug\u00ebt e Jugut t\u00eb Shqip\u00ebris\u00eb, zona t\u00eb cilat po frekuentohen masivisht nga pushuesit p\u00ebrtej kufirit. K\u00ebt\u00eb vit sh\u00ebnohet viti i 10 i patrullimeve t\u00eb p\u00ebrbashk\u00ebta me synim garantimin e siguris\u00eb n\u00eb rrug\u00eb!<\/em><\/p>\n<p>P\u00ebr her\u00eb t\u00eb par\u00eb, forcat e Policis\u00eb Rrugore t\u00eb Kosov\u00ebs do t\u00eb patrullojn\u00eb edhe n\u00eb Jug t\u00eb Shqip\u00ebris\u00eb.<\/p>\n<p>Patrullimet e p\u00ebrbashk\u00ebta mes dy policive nis\u00ebn t\u00eb mart\u00ebn dhe ve\u00e7 rrug\u00ebs s\u00eb kombit do t\u00eb fokusohen n\u00eb zonat m\u00eb t\u00eb frekuentuara nga numri n\u00eb rritje i pushuesve nga Kosova.<\/p>\n<p><strong>Sk\u00ebnder Ismaili:<\/strong>\u00a0<em>Ndryshe nga dit\u00ebt e tjera ne e kemi shtrir\u00eb k\u00ebt\u00eb sh\u00ebrbim policor deri n\u00eb Vlor\u00eb dhe Sarand\u00eb. Kjo p\u00ebr arsye se mjaft pushues t\u00eb Kosov\u00ebs prferojn\u00eb bregdetin e jugut.<\/em><\/p>\n<p>Drejtori i Divizonit t\u00eb Trafikut n\u00eb Drejtorin\u00eb e Policis\u00eb t\u00eb Kosov\u00ebs, \u00a0Jeton Rexhepi, thot\u00eb se q\u00ebllimi i k\u00ebtij bashk\u00ebpunimi \u00ebsht\u00eb garantimi i siguris\u00eb s\u00eb pushuesve.<\/p>\n<p><strong>Jeton Rexhepi,Drejtori i Divizonit t\u00eb Trafikut n\u00eb Drejtorin\u00eb e Policis\u00eb t\u00eb Kosov\u00ebs:<\/strong>\u00a0<em>Do merremi me disa kundravajtja q\u00eb ne i konsiderojm\u00eb t\u00eb rrezikshme, sic jan\u00eb tejkalimi i shpejt\u00ebsis\u00eb apo tejkalimet n\u00eb vendet e ndaluara.<\/em><\/p>\n<p>Patrullimet e p\u00ebrbashk\u00ebta mes policive t\u00eb Kosov\u00ebs e Shqip\u00ebris\u00eb nis\u00ebn 10 vjet m\u00eb par\u00eb. Mbi k\u00ebt\u00eb shembull prej disa vitesh n\u00eb Shqip\u00ebri patrullojn\u00eb edhe forca t\u00eb policis\u00eb nga Italia, Maqedonia e k\u00ebt\u00eb vit p\u00ebr her\u00eb t\u00eb par\u00eb edhe nga \u00c7ekia.<\/p>\n<p>&nbsp;<\/p>","protected":false},"excerpt":{"rendered":"<p>Forcat e Policis\u00eb rrugore t\u00eb Kosov\u00ebs do t\u00eb patrullojn\u00eb k\u00ebt\u00eb vit p\u00ebr her\u00eb t\u00eb par\u00eb edhe n\u00eb rrug\u00ebt e Jugut t\u00eb Shqip\u00ebris\u00eb, zona t\u00eb cilat po frekuentohen masivisht nga pushuesit p\u00ebrtej kufirit. K\u00ebt\u00eb vit sh\u00ebnohet viti i 10 i patrullimeve t\u00eb p\u00ebrbashk\u00ebta me synim garantimin e siguris\u00eb n\u00eb rrug\u00eb! P\u00ebr her\u00eb t\u00eb par\u00eb, forcat e [&hellip;]<\/p>\n","protected":false},"author":2013,"featured_media":93903,"comment_status":"open","ping_status":"closed","sticky":false,"template":"","format":"standard","meta":{"footnotes":""},"categories":[241,235],"tags":[],"class_list":{"0":"post-93902","1":"post","2":"type-post","3":"status-publish","4":"format-standard","5":"has-post-thumbnail","7":"category-aktualitet","8":"category-vendi"},"_links":{"self":[{"href":"https:\/\/zjarr.tv\/en\/wp-json\/wp\/v2\/posts\/93902","targetHints":{"allow":["GET"]}}],"collection":[{"href":"https:\/\/zjarr.tv\/en\/wp-json\/wp\/v2\/posts"}],"about":[{"href":"https:\/\/zjarr.tv\/en\/wp-json\/wp\/v2\/types\/post"}],"author":[{"embeddable":true,"href":"https:\/\/zjarr.tv\/en\/wp-json\/wp\/v2\/users\/2013"}],"replies":[{"embeddable":true,"href":"https:\/\/zjarr.tv\/en\/wp-json\/wp\/v2\/comments?post=93902"}],"version-history":[{"count":0,"href":"https:\/\/zjarr.tv\/en\/wp-json\/wp\/v2\/posts\/93902\/revisions"}],"wp:featuredmedia":[{"embeddable":true,"href":"https:\/\/zjarr.tv\/en\/wp-json\/wp\/v2\/media\/93903"}],"wp:attachment":[{"href":"https:\/\/zjarr.tv\/en\/wp-json\/wp\/v2\/media?parent=93902"}],"wp:term":[{"taxonomy":"category","embeddable":true,"href":"https:\/\/zjarr.tv\/en\/wp-json\/wp\/v2\/categories?post=93902"},{"taxonomy":"post_tag","embeddable":true,"href":"https:\/\/zjarr.tv\/en\/wp-json\/wp\/v2\/tags?post=93902"}],"curies":[{"name":"wp","href":"https:\/\/api.w.org\/{rel}","templated":true}]}}