{"id":93905,"date":"2019-07-02T13:25:05","date_gmt":"2019-07-02T11:25:05","guid":{"rendered":"https:\/\/zjarr.tv\/?p=93905"},"modified":"2019-07-02T13:25:05","modified_gmt":"2019-07-02T11:25:05","slug":"i-gjenden-2-milione-euro-droge-ne-garazh-arresohet-48-vjecari-shqiptar-ne-itali","status":"publish","type":"post","link":"https:\/\/zjarr.tv\/en\/i-gjenden-2-milione-euro-droge-ne-garazh-arresohet-48-vjecari-shqiptar-ne-itali\/","title":{"rendered":"I gjenden 2 milion\u00eb euro drog\u00eb n\u00eb garazh, arresohet 48 vje\u00e7ari shqiptar n\u00eb Itali"},"content":{"rendered":"<p>Nj\u00eb 48 vje\u00e7ar shqiptar \u00ebsht\u00eb v\u00ebn\u00eb n\u00ebn pranga nga autoritetet italiane me akuz\u00ebn e trafikut t\u00eb drog\u00ebs e arm\u00ebmbajtjes pa leje.<\/p>\n<p>N\u00eb zot\u00ebrim t\u00eb tij jan\u00eb sekuestruar 15 kg kokain\u00eb mjaft e past\u00ebr, 60 mij\u00eb euro , 10 mij\u00eb sterlina e nj\u00eb pistolet\u00eb e fabrikimit serb e kalibrit 7.65mm.<\/p>\n<p>P\u00ebr policin\u00eb italiane droga n\u00eb shitje me shumic\u00eb do t\u00eb sillte nj\u00eb p\u00ebrfitim prej 600 mij\u00eb euro nd\u00ebrsa me pakic\u00eb mund ta arrinte deri n\u00eb 2 milion\u00eb euro.<\/p>\n<p>Shqiptari rezident n\u00eb Firence q\u00eb prej vitit 1997 \u00ebsht\u00eb arrestuar pas sinjalizimeve t\u00eb banor\u00ebve t\u00eb zon\u00ebs pran\u00eb nj\u00eb garazhdi n\u00eb zot\u00ebrim t\u00eb shqiptarit, t\u00eb cil\u00ebt informuan policin\u00eb mbi nj\u00eb l\u00ebvizje t\u00eb tep\u00ebrt e t\u00eb pazakont\u00eb njer\u00ebzish.<\/p>\n<p>Pas disa dit\u00ebve n\u00ebn v\u00ebzhgim 48 vje\u00e7ari shqiptar ndalohet nga forcat e rendit nd\u00ebrsa po transportonte nj\u00eb 135ant\u00eb ku u gjet\u00ebn 3 kg kokain\u00eb e konfeksionuar n\u00eb 3 pako si dhe nj\u00eb pistolet\u00eb.<\/p>\n<p>M\u00eb pas kontrolli n\u00eb garazhd \u00e7oi n\u00eb sekuestrimin e 15 kg kokain\u00eb gjithsej si dhe nj\u00eb sasi t\u00eb konsiderueshme para cash.<\/p>\n<p>Shqiptarit ju \u00ebsht\u00eb sekuestruar edhe nj\u00eb automjet tip Wolswagen Passat e modifikuar enkas p\u00ebr transportimin e drog\u00ebs, si dhe disa telefona celular\u00eb.<\/p>\n<p>&nbsp;<\/p>","protected":false},"excerpt":{"rendered":"<p>Nj\u00eb 48 vje\u00e7ar shqiptar \u00ebsht\u00eb v\u00ebn\u00eb n\u00ebn pranga nga autoritetet italiane me akuz\u00ebn e trafikut t\u00eb drog\u00ebs e arm\u00ebmbajtjes pa leje. N\u00eb zot\u00ebrim t\u00eb tij jan\u00eb sekuestruar 15 kg kokain\u00eb mjaft e past\u00ebr, 60 mij\u00eb euro , 10 mij\u00eb sterlina e nj\u00eb pistolet\u00eb e fabrikimit serb e kalibrit 7.65mm. P\u00ebr policin\u00eb italiane droga n\u00eb shitje [&hellip;]<\/p>\n","protected":false},"author":2013,"featured_media":93906,"comment_status":"open","ping_status":"closed","sticky":false,"template":"","format":"standard","meta":{"footnotes":""},"categories":[241,235],"tags":[],"class_list":{"0":"post-93905","1":"post","2":"type-post","3":"status-publish","4":"format-standard","5":"has-post-thumbnail","7":"category-aktualitet","8":"category-vendi"},"_links":{"self":[{"href":"https:\/\/zjarr.tv\/en\/wp-json\/wp\/v2\/posts\/93905","targetHints":{"allow":["GET"]}}],"collection":[{"href":"https:\/\/zjarr.tv\/en\/wp-json\/wp\/v2\/posts"}],"about":[{"href":"https:\/\/zjarr.tv\/en\/wp-json\/wp\/v2\/types\/post"}],"author":[{"embeddable":true,"href":"https:\/\/zjarr.tv\/en\/wp-json\/wp\/v2\/users\/2013"}],"replies":[{"embeddable":true,"href":"https:\/\/zjarr.tv\/en\/wp-json\/wp\/v2\/comments?post=93905"}],"version-history":[{"count":0,"href":"https:\/\/zjarr.tv\/en\/wp-json\/wp\/v2\/posts\/93905\/revisions"}],"wp:featuredmedia":[{"embeddable":true,"href":"https:\/\/zjarr.tv\/en\/wp-json\/wp\/v2\/media\/93906"}],"wp:attachment":[{"href":"https:\/\/zjarr.tv\/en\/wp-json\/wp\/v2\/media?parent=93905"}],"wp:term":[{"taxonomy":"category","embeddable":true,"href":"https:\/\/zjarr.tv\/en\/wp-json\/wp\/v2\/categories?post=93905"},{"taxonomy":"post_tag","embeddable":true,"href":"https:\/\/zjarr.tv\/en\/wp-json\/wp\/v2\/tags?post=93905"}],"curies":[{"name":"wp","href":"https:\/\/api.w.org\/{rel}","templated":true}]}}