{"id":93918,"date":"2019-07-02T14:41:41","date_gmt":"2019-07-02T12:41:41","guid":{"rendered":"https:\/\/zjarr.tv\/?p=93918"},"modified":"2019-07-02T14:41:41","modified_gmt":"2019-07-02T12:41:41","slug":"hajdarie-turperuar-nga-fjalet-e-metesndjese-shba-be","status":"publish","type":"post","link":"https:\/\/zjarr.tv\/en\/hajdarie-turperuar-nga-fjalet-e-metesndjese-shba-be\/","title":{"rendered":"Hajdari:E turp\u00ebruar nga fjal\u00ebt e Met\u00ebs,ndjes\u00eb SHBA-BE"},"content":{"rendered":"<p>Presidenti i Republik\u00ebs, Ilir Meta, ka ngjallur s\u00ebrish reagime t\u00eb shumta me deklaratat e tij t\u00eb forta ndaj kryeministrit Edi Rama dhe ndaj nd\u00ebrkomb\u00ebtar\u00ebve.<\/p>\n<p>Pas deklaratave t\u00eb tij, ka reaguar edhe deputetja e opozit\u00ebs s\u00eb re n\u00eb Kuvend, Rudina Hajdari.<\/p>\n<p>E ashp\u00ebr n\u00eb reagimin e saj, Rudina Hajdari shkruan n\u00eb \u201cTwitter\u201d se mesazhet e Ilir Met\u00ebs ishin nj\u00eb \u00e7menduri, nd\u00ebrsa iu k\u00ebrkon falje t\u00eb gjith\u00eb diplomat\u00ebve t\u00eb huaj n\u00eb vendin ton\u00eb.<\/p>\n<p>Me tone t\u00eb ashpra, deputetja e djatht\u00eb thekson se nuk e kishte menduar asnj\u00ebher\u00eb q\u00eb t\u00eb shihte nj\u00eb President duke sulmuar diplomat\u00ebt n\u00eb periudh\u00ebn post-komuniste.<\/p>\n<p>\u201cAsnj\u00ebher\u00eb nuk mendoja se do t\u00eb shihja nj\u00eb dit\u00eb n\u00eb post-komunizmin e Shqip\u00ebris\u00eb ku presidenti i vendit ton\u00eb do t\u00eb sulmonte Ambasad\u00ebn e Shteteve t\u00eb Bashkuara dhe OSBE-n\u00eb dhe diplomat\u00eb t\u00eb tjer\u00eb t\u00eb nderuar. Ky \u00ebsht\u00eb nj\u00eb turp dhe ndjehemi t\u00eb turp\u00ebruar. K\u00ebrkoj falje t\u00eb gjith\u00eb diplomat\u00ebve tan\u00eb p\u00ebr k\u00ebt\u00eb \u00e7menduri\u201d, shkruan Hajdari.<\/p>\n<p>&nbsp;<\/p>","protected":false},"excerpt":{"rendered":"<p>Presidenti i Republik\u00ebs, Ilir Meta, ka ngjallur s\u00ebrish reagime t\u00eb shumta me deklaratat e tij t\u00eb forta ndaj kryeministrit Edi Rama dhe ndaj nd\u00ebrkomb\u00ebtar\u00ebve. Pas deklaratave t\u00eb tij, ka reaguar edhe deputetja e opozit\u00ebs s\u00eb re n\u00eb Kuvend, Rudina Hajdari. E ashp\u00ebr n\u00eb reagimin e saj, Rudina Hajdari shkruan n\u00eb \u201cTwitter\u201d se mesazhet e Ilir [&hellip;]<\/p>\n","protected":false},"author":2013,"featured_media":77012,"comment_status":"open","ping_status":"closed","sticky":false,"template":"","format":"standard","meta":{"footnotes":""},"categories":[241,235],"tags":[],"class_list":{"0":"post-93918","1":"post","2":"type-post","3":"status-publish","4":"format-standard","5":"has-post-thumbnail","7":"category-aktualitet","8":"category-vendi"},"_links":{"self":[{"href":"https:\/\/zjarr.tv\/en\/wp-json\/wp\/v2\/posts\/93918","targetHints":{"allow":["GET"]}}],"collection":[{"href":"https:\/\/zjarr.tv\/en\/wp-json\/wp\/v2\/posts"}],"about":[{"href":"https:\/\/zjarr.tv\/en\/wp-json\/wp\/v2\/types\/post"}],"author":[{"embeddable":true,"href":"https:\/\/zjarr.tv\/en\/wp-json\/wp\/v2\/users\/2013"}],"replies":[{"embeddable":true,"href":"https:\/\/zjarr.tv\/en\/wp-json\/wp\/v2\/comments?post=93918"}],"version-history":[{"count":0,"href":"https:\/\/zjarr.tv\/en\/wp-json\/wp\/v2\/posts\/93918\/revisions"}],"wp:featuredmedia":[{"embeddable":true,"href":"https:\/\/zjarr.tv\/en\/wp-json\/wp\/v2\/media\/77012"}],"wp:attachment":[{"href":"https:\/\/zjarr.tv\/en\/wp-json\/wp\/v2\/media?parent=93918"}],"wp:term":[{"taxonomy":"category","embeddable":true,"href":"https:\/\/zjarr.tv\/en\/wp-json\/wp\/v2\/categories?post=93918"},{"taxonomy":"post_tag","embeddable":true,"href":"https:\/\/zjarr.tv\/en\/wp-json\/wp\/v2\/tags?post=93918"}],"curies":[{"name":"wp","href":"https:\/\/api.w.org\/{rel}","templated":true}]}}