{"id":93922,"date":"2019-07-02T14:44:43","date_gmt":"2019-07-02T12:44:43","guid":{"rendered":"https:\/\/zjarr.tv\/?p=93922"},"modified":"2019-07-02T14:44:43","modified_gmt":"2019-07-02T12:44:43","slug":"djali-i-olldashit-i-ashper-me-bashen-komunist-svjen-ne-pushtet","status":"publish","type":"post","link":"https:\/\/zjarr.tv\/en\/djali-i-olldashit-i-ashper-me-bashen-komunist-svjen-ne-pushtet\/","title":{"rendered":"Djali i Olldashit i ashp\u00ebr me Bash\u00ebn: Komunist, s\u2019vjen n\u00eb pushtet"},"content":{"rendered":"<p>Djali i t\u00eb ndjerit Sokol Olldashi, Glauk Olldashi, i rikthyer prej pak koh\u00ebsh nga Anglia p\u00ebr t\u2019u angazhuar n\u00eb politik\u00eb n\u00eb Shqip\u00ebri, ka dh\u00ebn\u00eb nj\u00eb mesazh t\u00eb fort\u00eb p\u00ebr 30 qershorin, i zhg\u00ebnjyer nga k\u00ebto zgjedhje.<\/p>\n<p>Edhe pse u shfaq shpeshher\u00eb n\u00eb krah t\u00eb kryedemokratit, Lulzim Basha n\u00eb protestat komb\u00ebtare t\u00eb opoziti\u00ebs, Glauk Olldashi nuk kursen n\u00eb mesazhin e tij as kryeministrin Edi Rama dhe as kryedemokratin Lulzim Basha. Ai shkruan n\u00eb \u201cFacebook\u201d se nuk ka votuar dit\u00ebn e diel, edhe pse e ka pritur k\u00ebt\u00eb dit\u00eb prej koh\u00ebsh.<\/p>\n<p>Akoma m\u00eb i ashp\u00ebr, Glauk Olldashi \u00ebsht\u00eb treguar me Bash\u00ebn, teksa \u00ebsht\u00eb shprehur se PD fiton zgjedhje vet\u00ebm kur ndjell besim e frym\u00ebzon demokrat\u00ebt dhe t\u00eb gjith\u00eb shqiptar\u00ebt.<\/p>\n<p>Sipas tij, Basha nuk i ka pyetur demokrat\u00ebt p\u00ebr vendimin p\u00ebr t\u00eb mos i futur n\u00eb zgjedhje, dhe nuk i pyet m\u00eb p\u00ebr asgj\u00eb n\u00eb PD, madje sipas tij, i shpall \u201ctradhtar\u00eb\u201d kur ngren\u00eb z\u00ebrin.<\/p>\n<p>\u201cE Diela ishte dita n\u00eb t\u00eb cil\u00ebn do t\u00eb kisha ushtruar p\u00ebr her\u00eb t\u00eb par\u00eb t\u00eb drejt\u00ebn e vot\u00ebs. Nuk e b\u00ebra, edhe pse e kisha pritur k\u00ebt\u00eb dit\u00eb prej koh\u00ebsh. Demokrat\u00ebt nuk i jan\u00eb trembur kurr\u00eb proceseve zgjedhore sepse ato jan\u00eb p\u00ebr ne prova dhe sprova e demokracis\u00eb.<\/p>\n<p>PD-ja fiton zgjedhje vet\u00ebm kur ndjell besim dhe frym\u00ebzon demokrat\u00ebt dhe t\u00eb gjith\u00eb shqiptar\u00ebt q\u00eb edhe pse nuk kan\u00eb bindje t\u00eb caktuara politike besojn\u00eb tek fryma q\u00eb forca jon\u00eb p\u00ebrfaq\u00ebson. A \u00ebsht\u00eb n\u00eb popull ky besim? Zgjedhjet e 2015 dhe 2017 treguan q\u00eb, Jo. Tek procesi i 2019 nuk e testuam besimin e popullit. Tashm\u00eb ky akt, i cili i dha 61 bashki PS \u2013 A do t\u2019i vlej\u00eb k\u00ebsaj force politike? Po p\u00ebr ne a do t\u00eb vlej\u00eb?<\/p>\n<p>Fakti i hidhur \u00ebsht\u00eb q\u00eb PD nuk do t\u00eb menaxhoj\u00eb m\u00eb asnj\u00eb pushtet. Kush ka faj? Sigurisht q\u00eb p\u00ebrgjigja q\u00eb na vjen n\u00eb mendje kur na pyesin \u00ebsht\u00eb \u201cvetja\u201d. Por, demokrat\u00ebt nuk u pyet\u00ebn p\u00ebr vendimin e mospjes\u00ebmarrjes, n\u00eb fakt demokrat\u00ebt jo vet\u00ebm q\u00eb nuk pyeten m\u00eb n\u00eb PD, por edhe kur ndonj\u00ebri gucon t\u00eb kund\u00ebrshtoj\u00eb shpall\u00ebt \u201ctradh\u00ebtar\u00eb\u201d. Kjo mend\u00ebsi komuniste, edhe pse e huaj p\u00ebr partin\u00eb ton\u00eb, na ka \u201cinfektuar\u201d. C\u2019far\u00eb \u00ebsht\u00eb kura? P\u00ebr mendimin tim do na b\u00ebnte mir\u00eb nj\u00eb proces zgjedhor p\u00ebr ristrukturimin e partis\u00eb ton\u00eb. P.S., Po m\u00eb quajt\u00ebt tradh\u00ebtar\u2026\u2026. nuk m\u00ebrzitem<\/p>\n<p>&nbsp;<\/p>","protected":false},"excerpt":{"rendered":"<p>Djali i t\u00eb ndjerit Sokol Olldashi, Glauk Olldashi, i rikthyer prej pak koh\u00ebsh nga Anglia p\u00ebr t\u2019u angazhuar n\u00eb politik\u00eb n\u00eb Shqip\u00ebri, ka dh\u00ebn\u00eb nj\u00eb mesazh t\u00eb fort\u00eb p\u00ebr 30 qershorin, i zhg\u00ebnjyer nga k\u00ebto zgjedhje. Edhe pse u shfaq shpeshher\u00eb n\u00eb krah t\u00eb kryedemokratit, Lulzim Basha n\u00eb protestat komb\u00ebtare t\u00eb opoziti\u00ebs, Glauk Olldashi nuk [&hellip;]<\/p>\n","protected":false},"author":2013,"featured_media":93923,"comment_status":"open","ping_status":"closed","sticky":false,"template":"","format":"standard","meta":{"footnotes":""},"categories":[241,235],"tags":[],"class_list":{"0":"post-93922","1":"post","2":"type-post","3":"status-publish","4":"format-standard","5":"has-post-thumbnail","7":"category-aktualitet","8":"category-vendi"},"_links":{"self":[{"href":"https:\/\/zjarr.tv\/en\/wp-json\/wp\/v2\/posts\/93922","targetHints":{"allow":["GET"]}}],"collection":[{"href":"https:\/\/zjarr.tv\/en\/wp-json\/wp\/v2\/posts"}],"about":[{"href":"https:\/\/zjarr.tv\/en\/wp-json\/wp\/v2\/types\/post"}],"author":[{"embeddable":true,"href":"https:\/\/zjarr.tv\/en\/wp-json\/wp\/v2\/users\/2013"}],"replies":[{"embeddable":true,"href":"https:\/\/zjarr.tv\/en\/wp-json\/wp\/v2\/comments?post=93922"}],"version-history":[{"count":0,"href":"https:\/\/zjarr.tv\/en\/wp-json\/wp\/v2\/posts\/93922\/revisions"}],"wp:featuredmedia":[{"embeddable":true,"href":"https:\/\/zjarr.tv\/en\/wp-json\/wp\/v2\/media\/93923"}],"wp:attachment":[{"href":"https:\/\/zjarr.tv\/en\/wp-json\/wp\/v2\/media?parent=93922"}],"wp:term":[{"taxonomy":"category","embeddable":true,"href":"https:\/\/zjarr.tv\/en\/wp-json\/wp\/v2\/categories?post=93922"},{"taxonomy":"post_tag","embeddable":true,"href":"https:\/\/zjarr.tv\/en\/wp-json\/wp\/v2\/tags?post=93922"}],"curies":[{"name":"wp","href":"https:\/\/api.w.org\/{rel}","templated":true}]}}