{"id":93925,"date":"2019-07-02T14:45:46","date_gmt":"2019-07-02T12:45:46","guid":{"rendered":"https:\/\/zjarr.tv\/?p=93925"},"modified":"2019-07-02T14:45:46","modified_gmt":"2019-07-02T12:45:46","slug":"ne-kerkim-pas-djegies-se-kzaz-diber-kapet-ne-kufi-militanti-i-pd","status":"publish","type":"post","link":"https:\/\/zjarr.tv\/en\/ne-kerkim-pas-djegies-se-kzaz-diber-kapet-ne-kufi-militanti-i-pd\/","title":{"rendered":"N\u00eb k\u00ebrkim pas djegies s\u00eb KZAZ Dib\u00ebr, kapet n\u00eb kufi militanti i PD"},"content":{"rendered":"<p>Policia e Shtetit ka arrestuar nj\u00eb tjet\u00ebr simpatizant t\u00eb PD, i shpallur n\u00eb k\u00ebrkim pas tubimit t\u00eb dhunsh\u00ebm t\u00eb 28 qershorit n\u00eb Dib\u00ebr, ku u sulmua KZAZ num\u00ebr 19 n\u00eb Dib\u00ebr.<\/p>\n<p>Policia njoftoi e sot u ndalua Luftim Hysa, militant i PD, i cili \u00ebsht\u00eb kapur n\u00eb af\u00ebrsi t\u00eb dogan\u00ebs s\u00eb Blat\u00ebs ku sipas pretendimeve t\u00eb tij, ishte duke shkuar me familjen p\u00ebr t\u00eb drekuar n\u00eb Dibr\u00ebn e Madhe.<\/p>\n<p>Po ashtu nj\u00eb dit\u00eb m\u00eb par\u00eb u ndalua n\u00ebnkryetari i PD n\u00eb Dib\u00ebr, Korab Mu\u00e7a n\u00eb tentativ\u00eb p\u00ebr t\u00eb kaluar n\u00eb Maqedonin\u00eb e Veriut.<\/p>\n<p>&nbsp;<\/p>","protected":false},"excerpt":{"rendered":"<p>Policia e Shtetit ka arrestuar nj\u00eb tjet\u00ebr simpatizant t\u00eb PD, i shpallur n\u00eb k\u00ebrkim pas tubimit t\u00eb dhunsh\u00ebm t\u00eb 28 qershorit n\u00eb Dib\u00ebr, ku u sulmua KZAZ num\u00ebr 19 n\u00eb Dib\u00ebr. Policia njoftoi e sot u ndalua Luftim Hysa, militant i PD, i cili \u00ebsht\u00eb kapur n\u00eb af\u00ebrsi t\u00eb dogan\u00ebs s\u00eb Blat\u00ebs ku sipas pretendimeve [&hellip;]<\/p>\n","protected":false},"author":2013,"featured_media":93926,"comment_status":"open","ping_status":"closed","sticky":false,"template":"","format":"standard","meta":{"footnotes":""},"categories":[241,235],"tags":[],"class_list":{"0":"post-93925","1":"post","2":"type-post","3":"status-publish","4":"format-standard","5":"has-post-thumbnail","7":"category-aktualitet","8":"category-vendi"},"_links":{"self":[{"href":"https:\/\/zjarr.tv\/en\/wp-json\/wp\/v2\/posts\/93925","targetHints":{"allow":["GET"]}}],"collection":[{"href":"https:\/\/zjarr.tv\/en\/wp-json\/wp\/v2\/posts"}],"about":[{"href":"https:\/\/zjarr.tv\/en\/wp-json\/wp\/v2\/types\/post"}],"author":[{"embeddable":true,"href":"https:\/\/zjarr.tv\/en\/wp-json\/wp\/v2\/users\/2013"}],"replies":[{"embeddable":true,"href":"https:\/\/zjarr.tv\/en\/wp-json\/wp\/v2\/comments?post=93925"}],"version-history":[{"count":0,"href":"https:\/\/zjarr.tv\/en\/wp-json\/wp\/v2\/posts\/93925\/revisions"}],"wp:featuredmedia":[{"embeddable":true,"href":"https:\/\/zjarr.tv\/en\/wp-json\/wp\/v2\/media\/93926"}],"wp:attachment":[{"href":"https:\/\/zjarr.tv\/en\/wp-json\/wp\/v2\/media?parent=93925"}],"wp:term":[{"taxonomy":"category","embeddable":true,"href":"https:\/\/zjarr.tv\/en\/wp-json\/wp\/v2\/categories?post=93925"},{"taxonomy":"post_tag","embeddable":true,"href":"https:\/\/zjarr.tv\/en\/wp-json\/wp\/v2\/tags?post=93925"}],"curies":[{"name":"wp","href":"https:\/\/api.w.org\/{rel}","templated":true}]}}