{"id":93928,"date":"2019-07-02T14:48:00","date_gmt":"2019-07-02T12:48:00","guid":{"rendered":"https:\/\/zjarr.tv\/?p=93928"},"modified":"2019-07-02T14:48:00","modified_gmt":"2019-07-02T12:48:00","slug":"balla-meta-gaztor-cirku","status":"publish","type":"post","link":"https:\/\/zjarr.tv\/en\/balla-meta-gaztor-cirku\/","title":{"rendered":"Balla: Meta, gaztor cirku!"},"content":{"rendered":"<p>Numri dy i Partis\u00eb Socialiste, Taulant Balla, ka reaguar pas mesazheve t\u00eb ashpra t\u00eb Presidentit Ilir Meta p\u00ebr kryeministrin Edi Rama.<\/p>\n<p>Balla shkruan n\u00eb \u201cFacebook\u201d se Meta ka dh\u00ebn\u00eb nj\u00eb tjet\u00ebr prov\u00eb bind\u00ebse p\u00ebr shkarkimin e tij. Kreu i grupit t\u00eb PS deklaron se socialist\u00ebt po presin t\u00eb votojn\u00eb Komisionin Hetimor p\u00ebr shkarkimin e Presidentit.<\/p>\n<p>M\u00eb tej, Balla thekson se Ilir Meta si njeri meriton keqardhje, si politikan meriton injorim dhe si President meriton vet\u00ebm shkarkim.<\/p>\n<p>\u201cPresidenti na ka dh\u00ebn\u00eb nj\u00eb prov\u00eb tjet\u00ebr shum\u00eb bind\u00ebse t\u00eb nevoj\u00ebs p\u00ebr lirimin e zyr\u00ebs, ku ai ka humbur t\u00eb drejt\u00ebn t\u00eb q\u00ebndroj\u00eb. Ai tanim\u00eb \u00ebsht\u00eb nj\u00eb subjekt keqardhjeje njer\u00ebzore dhe vendosm\u00ebrie ligjore nga ana jon\u00eb. Ne po presim t\u00eb votojm\u00eb Komisionin Hetimor p\u00ebr shkarkimin e tij dhe do t\u00eb presim pastaj raportin e Komisionit p\u00ebr t\u00eb miratuar shkarkimin, t\u00eb cilin natyrisht do ta shqyrtoj\u00eb Gjykata Kushtetuese, por deri at\u00ebher\u00eb jemi t\u00eb vet\u00ebdijsh\u00ebm se do t\u00eb kemi nj\u00eb President q\u00eb si njeri meriton keqardhje, si politikan meriton injorim, si president meriton vet\u00ebm shkarkim! Dhe p\u00ebr sjelljen prej gaztori cirku sot dhe gjat\u00eb gjith\u00eb k\u00ebtyre koh\u00ebve, meriton vet\u00ebm p\u00ebrqeshje popullore!\u201d, shkruan Balla.<\/p>\n<p>&nbsp;<\/p>","protected":false},"excerpt":{"rendered":"<p>Numri dy i Partis\u00eb Socialiste, Taulant Balla, ka reaguar pas mesazheve t\u00eb ashpra t\u00eb Presidentit Ilir Meta p\u00ebr kryeministrin Edi Rama. Balla shkruan n\u00eb \u201cFacebook\u201d se Meta ka dh\u00ebn\u00eb nj\u00eb tjet\u00ebr prov\u00eb bind\u00ebse p\u00ebr shkarkimin e tij. Kreu i grupit t\u00eb PS deklaron se socialist\u00ebt po presin t\u00eb votojn\u00eb Komisionin Hetimor p\u00ebr shkarkimin e Presidentit. [&hellip;]<\/p>\n","protected":false},"author":2013,"featured_media":65930,"comment_status":"open","ping_status":"closed","sticky":false,"template":"","format":"standard","meta":{"footnotes":""},"categories":[241,235],"tags":[],"class_list":{"0":"post-93928","1":"post","2":"type-post","3":"status-publish","4":"format-standard","5":"has-post-thumbnail","7":"category-aktualitet","8":"category-vendi"},"_links":{"self":[{"href":"https:\/\/zjarr.tv\/en\/wp-json\/wp\/v2\/posts\/93928","targetHints":{"allow":["GET"]}}],"collection":[{"href":"https:\/\/zjarr.tv\/en\/wp-json\/wp\/v2\/posts"}],"about":[{"href":"https:\/\/zjarr.tv\/en\/wp-json\/wp\/v2\/types\/post"}],"author":[{"embeddable":true,"href":"https:\/\/zjarr.tv\/en\/wp-json\/wp\/v2\/users\/2013"}],"replies":[{"embeddable":true,"href":"https:\/\/zjarr.tv\/en\/wp-json\/wp\/v2\/comments?post=93928"}],"version-history":[{"count":0,"href":"https:\/\/zjarr.tv\/en\/wp-json\/wp\/v2\/posts\/93928\/revisions"}],"wp:featuredmedia":[{"embeddable":true,"href":"https:\/\/zjarr.tv\/en\/wp-json\/wp\/v2\/media\/65930"}],"wp:attachment":[{"href":"https:\/\/zjarr.tv\/en\/wp-json\/wp\/v2\/media?parent=93928"}],"wp:term":[{"taxonomy":"category","embeddable":true,"href":"https:\/\/zjarr.tv\/en\/wp-json\/wp\/v2\/categories?post=93928"},{"taxonomy":"post_tag","embeddable":true,"href":"https:\/\/zjarr.tv\/en\/wp-json\/wp\/v2\/tags?post=93928"}],"curies":[{"name":"wp","href":"https:\/\/api.w.org\/{rel}","templated":true}]}}