{"id":93933,"date":"2019-07-02T15:02:24","date_gmt":"2019-07-02T13:02:24","guid":{"rendered":"https:\/\/zjarr.tv\/?p=93933"},"modified":"2019-07-02T15:02:24","modified_gmt":"2019-07-02T13:02:24","slug":"meta-ja-cfare-me-tha-orban-per-sorrosin","status":"publish","type":"post","link":"https:\/\/zjarr.tv\/en\/meta-ja-cfare-me-tha-orban-per-sorrosin\/","title":{"rendered":"Meta\/ Ja \u00e7far\u00eb m\u00eb tha Orban p\u00ebr Sorrosin"},"content":{"rendered":"<p>Presidenti Meta kujtoi n\u00eb fjal\u00ebn e tij edhe nj\u00eb bised\u00eb me Kryeministrin e Hungaris\u00eb, Viktor Orban, i cili e kishte paralajm\u00ebruar sipas tij, p\u00ebr George Soros.<\/p>\n<p>\u201cKam dy fjal\u00eb edhe p\u00ebr miliarderin e nderuar George Soros. Na ndihmoi n\u00eb vitin 2000, sepse edhe ai \u00ebsht\u00eb socialist n\u00eb pik\u00ebpamje. Por m\u00eb pati th\u00ebn\u00eb Viktor Orban, \u201ckini kujdes se nuk \u00ebsht\u00eb aq demokrat dhe komploton kund\u00ebr demokracis\u00eb\u201d.<\/p>\n<p>Ai t\u00eb vazhdoj\u00eb t\u00eb investoj\u00eb n\u00eb tregjet e m\u00ebdha, sepse Ilir Meta nuk \u00ebsht\u00eb i rac\u00ebs s\u00eb Gruevskit, por i Avni Rustemit, Mic Sokolit dhe shqiptar\u00ebve t\u00eb tjer\u00eb\u201d, tha Meta.<\/p>\n<p>&nbsp;<\/p>","protected":false},"excerpt":{"rendered":"<p>Presidenti Meta kujtoi n\u00eb fjal\u00ebn e tij edhe nj\u00eb bised\u00eb me Kryeministrin e Hungaris\u00eb, Viktor Orban, i cili e kishte paralajm\u00ebruar sipas tij, p\u00ebr George Soros. \u201cKam dy fjal\u00eb edhe p\u00ebr miliarderin e nderuar George Soros. Na ndihmoi n\u00eb vitin 2000, sepse edhe ai \u00ebsht\u00eb socialist n\u00eb pik\u00ebpamje. Por m\u00eb pati th\u00ebn\u00eb Viktor Orban, \u201ckini [&hellip;]<\/p>\n","protected":false},"author":2013,"featured_media":93934,"comment_status":"open","ping_status":"closed","sticky":false,"template":"","format":"standard","meta":{"footnotes":""},"categories":[241,235],"tags":[],"class_list":{"0":"post-93933","1":"post","2":"type-post","3":"status-publish","4":"format-standard","5":"has-post-thumbnail","7":"category-aktualitet","8":"category-vendi"},"_links":{"self":[{"href":"https:\/\/zjarr.tv\/en\/wp-json\/wp\/v2\/posts\/93933","targetHints":{"allow":["GET"]}}],"collection":[{"href":"https:\/\/zjarr.tv\/en\/wp-json\/wp\/v2\/posts"}],"about":[{"href":"https:\/\/zjarr.tv\/en\/wp-json\/wp\/v2\/types\/post"}],"author":[{"embeddable":true,"href":"https:\/\/zjarr.tv\/en\/wp-json\/wp\/v2\/users\/2013"}],"replies":[{"embeddable":true,"href":"https:\/\/zjarr.tv\/en\/wp-json\/wp\/v2\/comments?post=93933"}],"version-history":[{"count":0,"href":"https:\/\/zjarr.tv\/en\/wp-json\/wp\/v2\/posts\/93933\/revisions"}],"wp:featuredmedia":[{"embeddable":true,"href":"https:\/\/zjarr.tv\/en\/wp-json\/wp\/v2\/media\/93934"}],"wp:attachment":[{"href":"https:\/\/zjarr.tv\/en\/wp-json\/wp\/v2\/media?parent=93933"}],"wp:term":[{"taxonomy":"category","embeddable":true,"href":"https:\/\/zjarr.tv\/en\/wp-json\/wp\/v2\/categories?post=93933"},{"taxonomy":"post_tag","embeddable":true,"href":"https:\/\/zjarr.tv\/en\/wp-json\/wp\/v2\/tags?post=93933"}],"curies":[{"name":"wp","href":"https:\/\/api.w.org\/{rel}","templated":true}]}}