{"id":93938,"date":"2019-07-02T15:10:00","date_gmt":"2019-07-02T13:10:00","guid":{"rendered":"https:\/\/zjarr.tv\/?p=93938"},"modified":"2019-07-02T15:10:00","modified_gmt":"2019-07-02T13:10:00","slug":"maliqi-rama-kjo-eshte-policia-qe-do-jo-policia-qe-duam","status":"publish","type":"post","link":"https:\/\/zjarr.tv\/en\/maliqi-rama-kjo-eshte-policia-qe-do-jo-policia-qe-duam\/","title":{"rendered":"Maliqi: Rama, kjo \u00ebsht\u00eb Policia q\u00eb do, jo Policia q\u00eb duam!"},"content":{"rendered":"<p>Deputeti Lefter Maliqi e ka sulmuar kryeministrin Edi Rama sot, pas takimit q\u00eb ai mbajti me drejtues t\u00eb Policis\u00eb s\u00eb Shtetit bashk\u00eb me Ministrin Sand\u00ebr Lleshaj. Maliqi \u00ebsht\u00eb treguar i ashp\u00ebr p\u00ebr q\u00ebndrimin me dyfytyra dhe\u00a0keqp\u00ebrdorimin e Policis\u00eb nga kreu i shtetit, si dje n\u00eb opozit\u00eb edhe sot n\u00eb qeverisje.<\/p>\n<p>\u201cTurp, &#8211; shkruan Maliqi n\u00eb Fb. &#8211; Rama i \u201cRilindjes\u201d p\u00ebrg\u00ebzon Policin\u00eb q\u00eb votuan 100% p\u00ebr votimet e PS, q\u00eb arrestojn\u00eb opozit\u00ebn, q\u00eb dhunojn\u00eb qytetar\u00ebt, q\u00eb shkelin ligjet, nd\u00ebrkoh\u00eb q\u00eb kur ishte n\u00eb opozit\u00eb, e godiste e k\u00ebrc\u00ebnonte e dhunonte me \u00e7do mjet n\u00eb bulevard, para KQZ e kudo.<\/p>\n<p>Policia e depolitizuar me ligj \u2013 po vet\u00ebm p\u00ebrgjimet e Bild nxor\u00ebn t\u00eb pakt\u00ebn 2 drejtues policie n\u00eb Dib\u00ebr e Kam\u00ebz si besnik\u00eb deri n\u00eb vdekje t\u00eb PS, q\u00eb gradohen n\u00eb vend q\u00eb t\u00eb lirohen.<\/p>\n<p>Rama n\u00eb 2017 &#8211; thirrje Policis\u00eb \u201chiqni kapelet dhe votoni Rilindjen\u201d!<\/p>\n<p>Rama, kjo \u00ebsht\u00eb Policia q\u00eb do, jo Policia q\u00eb duam!<\/p>\n<p>Rama, kryepolic, kryeprokuror, kryebashkiak, kryekomandant, \u00a0kaloresi s\u2019njeh d\u00ebshtim, s\u2019njeh opozit\u00eb, s\u2019njeh ligj, s\u2019njeh Kushtetut\u00eb, s\u2019njeh President, bile s\u2019njeh as veten kur humb: \u201cFitova\u201d thot\u00eb,&#8217; p\u00ebrfundon me ironi deputeti.<\/p>\n<p>&nbsp;<\/p>","protected":false},"excerpt":{"rendered":"<p>Deputeti Lefter Maliqi e ka sulmuar kryeministrin Edi Rama sot, pas takimit q\u00eb ai mbajti me drejtues t\u00eb Policis\u00eb s\u00eb Shtetit bashk\u00eb me Ministrin Sand\u00ebr Lleshaj. Maliqi \u00ebsht\u00eb treguar i ashp\u00ebr p\u00ebr q\u00ebndrimin me dyfytyra dhe\u00a0keqp\u00ebrdorimin e Policis\u00eb nga kreu i shtetit, si dje n\u00eb opozit\u00eb edhe sot n\u00eb qeverisje. \u201cTurp, &#8211; shkruan Maliqi n\u00eb [&hellip;]<\/p>\n","protected":false},"author":2013,"featured_media":86750,"comment_status":"open","ping_status":"closed","sticky":false,"template":"","format":"standard","meta":{"footnotes":""},"categories":[241,235],"tags":[],"class_list":{"0":"post-93938","1":"post","2":"type-post","3":"status-publish","4":"format-standard","5":"has-post-thumbnail","7":"category-aktualitet","8":"category-vendi"},"_links":{"self":[{"href":"https:\/\/zjarr.tv\/en\/wp-json\/wp\/v2\/posts\/93938","targetHints":{"allow":["GET"]}}],"collection":[{"href":"https:\/\/zjarr.tv\/en\/wp-json\/wp\/v2\/posts"}],"about":[{"href":"https:\/\/zjarr.tv\/en\/wp-json\/wp\/v2\/types\/post"}],"author":[{"embeddable":true,"href":"https:\/\/zjarr.tv\/en\/wp-json\/wp\/v2\/users\/2013"}],"replies":[{"embeddable":true,"href":"https:\/\/zjarr.tv\/en\/wp-json\/wp\/v2\/comments?post=93938"}],"version-history":[{"count":0,"href":"https:\/\/zjarr.tv\/en\/wp-json\/wp\/v2\/posts\/93938\/revisions"}],"wp:featuredmedia":[{"embeddable":true,"href":"https:\/\/zjarr.tv\/en\/wp-json\/wp\/v2\/media\/86750"}],"wp:attachment":[{"href":"https:\/\/zjarr.tv\/en\/wp-json\/wp\/v2\/media?parent=93938"}],"wp:term":[{"taxonomy":"category","embeddable":true,"href":"https:\/\/zjarr.tv\/en\/wp-json\/wp\/v2\/categories?post=93938"},{"taxonomy":"post_tag","embeddable":true,"href":"https:\/\/zjarr.tv\/en\/wp-json\/wp\/v2\/tags?post=93938"}],"curies":[{"name":"wp","href":"https:\/\/api.w.org\/{rel}","templated":true}]}}