{"id":93985,"date":"2019-07-02T17:08:53","date_gmt":"2019-07-02T15:08:53","guid":{"rendered":"https:\/\/zjarr.tv\/?p=93985"},"modified":"2019-07-02T17:08:53","modified_gmt":"2019-07-02T15:08:53","slug":"kryebashkiaket-e-djathte-ne-nje-ze-zgjedhje-farse-nuk-i-njohim","status":"publish","type":"post","link":"https:\/\/zjarr.tv\/en\/kryebashkiaket-e-djathte-ne-nje-ze-zgjedhje-farse-nuk-i-njohim\/","title":{"rendered":"Kryebashkiak\u00ebt e djatht\u00eb n\u00eb nj\u00eb z\u00eb: \u2018Zgjedhje fars\u00eb, nuk i njohim\u2019"},"content":{"rendered":"<p>Nuk i njohin votimet e fundit moniste dhe k\u00ebsisoj nuk kan\u00eb nd\u00ebrmend ti lejn\u00eb zyrat. Ky \u00ebsht\u00eb vendimi i tyre pas takimit me kryetarin e Partis\u00eb Demokratike Lulzim Basha, q\u00eb zgjati p\u00ebr m\u00eb shum\u00eb se 1 or\u00eb e 30 minuta.<\/p>\n<p>N\u00eb takimin me ta kryetari Basha, i ka qet\u00ebsuar duke i garantuar bashkiak\u00ebt e djatht\u00eb se gjat\u00eb k\u00ebtyre dit\u00ebve do t\u00eb ket\u00eb zhvillime konkrete, nd\u00ebrsa i ka cil\u00ebsuar zgjedhjet t\u00eb pa pranueshme.<\/p>\n<p>\u201cN\u00eb dat\u00eb 13 tetor do t\u00eb zhvillohen zgjedhjet, besoj se \u00ebsht\u00eb e mjaftueshme. Ju e pat\u00eb vet\u00eb dhe raportin e djesh\u00ebm q\u00eb \u00ebsht\u00eb shkelur ligji, zgjedhjet jan\u00eb t\u00eb paligjshme, k\u00ebshtu q\u00eb takohemi me 13 tetor dhe do ta shihni sesa thell\u00eb do ta mund.\u201d tha kryetari i Bashkis\u00eb Kamz\u00eb, Xhelal Mziu.<\/p>\n<p>Nd\u00ebrsa kryetarja e Bashkis\u00eb Shkod\u00ebr tha se nuk mund t\u00eb pranohen zgjedhje farse.<\/p>\n<p>\u201cJemi akoma her\u00ebt p\u00ebr ta diskutuar k\u00ebt\u00eb. Mendoj se raporti q\u00eb OSBE-ODIHR dha dje \u00ebsht\u00eb nj\u00eb reflektim p\u00ebr t\u00eb gjith\u00eb popullin shqiptar dhe p\u00ebr t\u00eb gjith\u00eb qytetar\u00ebt e Shqip\u00ebris\u00eb. Do t\u00eb shohim zhvillimet n\u00eb vijim, jo vet\u00ebm t\u00eb klas\u00ebs politike, por sidomos t\u00eb popullit\u201d<\/p>\n<p>T\u00eb m\u00ebrkur\u00ebn, Basha pritet t\u00eb zhvilloj\u00eb s\u00ebrish nj\u00eb takim me kryebashkiak\u00ebt e djatht\u00eb.<\/p>\n<p>&nbsp;<\/p>","protected":false},"excerpt":{"rendered":"<p>Nuk i njohin votimet e fundit moniste dhe k\u00ebsisoj nuk kan\u00eb nd\u00ebrmend ti lejn\u00eb zyrat. Ky \u00ebsht\u00eb vendimi i tyre pas takimit me kryetarin e Partis\u00eb Demokratike Lulzim Basha, q\u00eb zgjati p\u00ebr m\u00eb shum\u00eb se 1 or\u00eb e 30 minuta. N\u00eb takimin me ta kryetari Basha, i ka qet\u00ebsuar duke i garantuar bashkiak\u00ebt e djatht\u00eb [&hellip;]<\/p>\n","protected":false},"author":2013,"featured_media":69242,"comment_status":"open","ping_status":"closed","sticky":false,"template":"","format":"standard","meta":{"footnotes":""},"categories":[241,235],"tags":[],"class_list":{"0":"post-93985","1":"post","2":"type-post","3":"status-publish","4":"format-standard","5":"has-post-thumbnail","7":"category-aktualitet","8":"category-vendi"},"_links":{"self":[{"href":"https:\/\/zjarr.tv\/en\/wp-json\/wp\/v2\/posts\/93985","targetHints":{"allow":["GET"]}}],"collection":[{"href":"https:\/\/zjarr.tv\/en\/wp-json\/wp\/v2\/posts"}],"about":[{"href":"https:\/\/zjarr.tv\/en\/wp-json\/wp\/v2\/types\/post"}],"author":[{"embeddable":true,"href":"https:\/\/zjarr.tv\/en\/wp-json\/wp\/v2\/users\/2013"}],"replies":[{"embeddable":true,"href":"https:\/\/zjarr.tv\/en\/wp-json\/wp\/v2\/comments?post=93985"}],"version-history":[{"count":0,"href":"https:\/\/zjarr.tv\/en\/wp-json\/wp\/v2\/posts\/93985\/revisions"}],"wp:featuredmedia":[{"embeddable":true,"href":"https:\/\/zjarr.tv\/en\/wp-json\/wp\/v2\/media\/69242"}],"wp:attachment":[{"href":"https:\/\/zjarr.tv\/en\/wp-json\/wp\/v2\/media?parent=93985"}],"wp:term":[{"taxonomy":"category","embeddable":true,"href":"https:\/\/zjarr.tv\/en\/wp-json\/wp\/v2\/categories?post=93985"},{"taxonomy":"post_tag","embeddable":true,"href":"https:\/\/zjarr.tv\/en\/wp-json\/wp\/v2\/tags?post=93985"}],"curies":[{"name":"wp","href":"https:\/\/api.w.org\/{rel}","templated":true}]}}