{"id":94031,"date":"2019-07-02T18:58:40","date_gmt":"2019-07-02T16:58:40","guid":{"rendered":"https:\/\/zjarr.tv\/?p=94031"},"modified":"2019-07-02T18:58:40","modified_gmt":"2019-07-02T16:58:40","slug":"malaj-i-shkruan-spiropalit-si-ish-mesuesja-jote-ndihem-keq-me-pas-ikur-mundi-dem","status":"publish","type":"post","link":"https:\/\/zjarr.tv\/en\/malaj-i-shkruan-spiropalit-si-ish-mesuesja-jote-ndihem-keq-me-pas-ikur-mundi-dem\/","title":{"rendered":"Malaj i shkruan Spiropalit: Si ish-m\u00ebsuesja jote ndihem keq, m\u00eb pas ikur mundi d\u00ebm"},"content":{"rendered":"<p>Ish deputetja e LSI, Nora Malaj, referuar deklaratave t\u00eb djeshme t\u00eb z\u00ebdh\u00ebn\u00ebses s\u00eb qeveris\u00eb Elisa Spiropali, vendos\u00a0 ti jap\u00eb disa \u201ck\u00ebshilla\u201d.<\/p>\n<p>P\u00ebrmes nj\u00eb postimi n\u00eb Facebook, Malaj shprehet se, \u201cElisa , si m\u00ebsuesja jote , q\u00eb n\u00eb adoleshenc\u00ebn tende t\u00eb kam p\u00ebrkrahur dhe promovuar, teksa t\u00eb d\u00ebgjoj t\u00eb fyesh dhe t\u00eb dal\u00ebsh jasht\u00eb etik\u00ebs dhe qytetaris\u00eb, ve\u00e7an\u00ebrisht figur\u00ebn e Presidentit t\u00eb vendit tend, t\u00eb votuar dhe zgjedhur nga Partia q\u00eb ti p\u00ebrfaq\u00ebson dhe q\u00eb \u00e7do shqiptar e b\u00ebn\u00eb t\u00eb ndjehet krenar, m\u00eb b\u00ebn t\u00eb ndihem keq, q\u00eb m\u00eb paska ikur mundi d\u00ebm\u201d.<\/p>\n<p>Postimi i plot\u00eb i Nora Malaj:<\/p>\n<p>k\u00ebshill\u00eb p\u00ebr ish-nx\u00ebn\u00ebsen time Elisa !( Spiropali)<\/p>\n<p>Elisa , si m\u00ebsuesja jote , q\u00eb n\u00eb adoleshenc\u00ebn tende t\u00eb kam p\u00ebrkrahur dhe promovuar, teksa t\u00eb d\u00ebgjoj t\u00eb fyesh dhe t\u00eb dal\u00ebsh jasht\u00eb etik\u00ebs dhe qytetaris\u00eb, ve\u00e7an\u00ebrisht figur\u00ebn e Presidentit t\u00eb vendit tend, t\u00eb votuar dhe zgjedhur nga Partia q\u00eb ti p\u00ebrfaq\u00ebson dhe q\u00eb \u00e7do shqiptar e b\u00ebn\u00eb t\u00eb ndjehet krenar, m\u00eb b\u00ebn t\u00eb ndihem keq, q\u00eb m\u00eb paska ikur mundi d\u00ebm. Por, t\u00eb kujtoj nj\u00eb th\u00ebnie t\u00eb men\u00e7ur t\u00eb popullit ton\u00eb: \u201cPara t\u00eb madhit e prapa kalit (qoft\u00eb edhe ai i Sk\u00ebnderbeut) mos q\u00ebndro! \u201c<\/p>\n<p>Kujdes , se fjala kocka nuk ka , por kocka thyen. Un\u00eb t\u00eb kam m\u00ebsuar q\u00eb fjala \u00ebsht\u00eb e shenjt\u00eb dhe nuk duhet keq p\u00ebrdorur, aq m\u00eb tep\u00ebr kur b\u00ebhet shar\u00ebse e fyese dhe p\u00ebrdoret n\u00eb goj\u00ebn e nj\u00eb zonje, n\u00ebne dhe ministreje , t\u00eb b\u00ebn\u00eb t\u00eb ndjesh dhimbje.<\/p>\n<p>Mos merr modelet q\u00eb t\u00eb shp\u00ebrfytyrojn\u00eb, por modelet q\u00eb t\u00eb nderojn\u00eb.<\/p>\n<p>Jeta \u00ebsht\u00eb e gjate bija ime, por duhet jetuar me dinjitet , jo me gjuhen e rrug\u00ebs dhe rruga\u00e7eris\u00eb.<br \/>\nKjo ishte nj\u00eb k\u00ebshille per ty pas k\u00ebsaj maskarade zgjedhore ku \u00e7do politikan i pozit\u00ebs dhe opozit\u00ebs duhet t\u00eb ndjej p\u00ebrgjegj?si.<\/p>\n<p>&nbsp;<\/p>","protected":false},"excerpt":{"rendered":"<p>Ish deputetja e LSI, Nora Malaj, referuar deklaratave t\u00eb djeshme t\u00eb z\u00ebdh\u00ebn\u00ebses s\u00eb qeveris\u00eb Elisa Spiropali, vendos\u00a0 ti jap\u00eb disa \u201ck\u00ebshilla\u201d. P\u00ebrmes nj\u00eb postimi n\u00eb Facebook, Malaj shprehet se, \u201cElisa , si m\u00ebsuesja jote , q\u00eb n\u00eb adoleshenc\u00ebn tende t\u00eb kam p\u00ebrkrahur dhe promovuar, teksa t\u00eb d\u00ebgjoj t\u00eb fyesh dhe t\u00eb dal\u00ebsh jasht\u00eb etik\u00ebs dhe [&hellip;]<\/p>\n","protected":false},"author":2013,"featured_media":0,"comment_status":"open","ping_status":"closed","sticky":false,"template":"","format":"standard","meta":{"footnotes":""},"categories":[241,235],"tags":[],"class_list":{"0":"post-94031","1":"post","2":"type-post","3":"status-publish","4":"format-standard","6":"category-aktualitet","7":"category-vendi"},"_links":{"self":[{"href":"https:\/\/zjarr.tv\/en\/wp-json\/wp\/v2\/posts\/94031","targetHints":{"allow":["GET"]}}],"collection":[{"href":"https:\/\/zjarr.tv\/en\/wp-json\/wp\/v2\/posts"}],"about":[{"href":"https:\/\/zjarr.tv\/en\/wp-json\/wp\/v2\/types\/post"}],"author":[{"embeddable":true,"href":"https:\/\/zjarr.tv\/en\/wp-json\/wp\/v2\/users\/2013"}],"replies":[{"embeddable":true,"href":"https:\/\/zjarr.tv\/en\/wp-json\/wp\/v2\/comments?post=94031"}],"version-history":[{"count":0,"href":"https:\/\/zjarr.tv\/en\/wp-json\/wp\/v2\/posts\/94031\/revisions"}],"wp:attachment":[{"href":"https:\/\/zjarr.tv\/en\/wp-json\/wp\/v2\/media?parent=94031"}],"wp:term":[{"taxonomy":"category","embeddable":true,"href":"https:\/\/zjarr.tv\/en\/wp-json\/wp\/v2\/categories?post=94031"},{"taxonomy":"post_tag","embeddable":true,"href":"https:\/\/zjarr.tv\/en\/wp-json\/wp\/v2\/tags?post=94031"}],"curies":[{"name":"wp","href":"https:\/\/api.w.org\/{rel}","templated":true}]}}