{"id":94094,"date":"2019-07-03T13:28:03","date_gmt":"2019-07-03T11:28:03","guid":{"rendered":"https:\/\/zjarr.tv\/?p=94094"},"modified":"2019-07-03T13:28:03","modified_gmt":"2019-07-03T11:28:03","slug":"krimet-e-renda-rrezojne-adriatik-llallen-edhe-3-muaj-nen-hetim","status":"publish","type":"post","link":"https:\/\/zjarr.tv\/en\/krimet-e-renda-rrezojne-adriatik-llallen-edhe-3-muaj-nen-hetim\/","title":{"rendered":"Krimet e R\u00ebnda rr\u00ebzojn\u00eb Adriatik Llall\u00ebn, edhe 3 muaj n\u00ebn hetim"},"content":{"rendered":"<p>Gjykata e Krimeve t\u00eb R\u00ebnda ka rr\u00ebzuar k\u00ebrkes\u00ebn e ish-kryeprokurorit Adriatik Llalla p\u00ebr shfuqizimin e zgjatjes s\u00eb afatit hetimor ndaj tij.<\/p>\n<p>Ishte Prokuroria q\u00eb k\u00ebrkoi t\u00eb zgjaste edhe p\u00ebr tre muaj afatin e hetimit p\u00ebr Llall\u00ebn, me argumentin se pret p\u00ebrgjigjen e let\u00ebr-porosive nga Gjermania.<\/p>\n<p>Por, nj\u00eb k\u00ebrkes\u00eb e till\u00eb nuk u prit mir\u00eb nga ish-kreu i Prokuroris\u00eb s\u00eb P\u00ebrgjithshme, i cili iu drejtua gjykat\u00ebs me nj\u00eb k\u00ebrkes\u00eb, n\u00eb t\u00eb cil\u00ebn refuzonte zgjatjen e afateve.<\/p>\n<p>Llalla pretendonte q\u00eb Prokuroria ka pasur t\u00eb gjith\u00eb koh\u00ebn e nevojshme p\u00ebr t\u00eb hetuar dhe dh\u00ebn\u00eb zgjidhje \u00e7\u00ebshtjes s\u00eb tij, por k\u00ebrkesa e tij nuk \u00ebsht\u00eb marr\u00eb parasysh nga gjykata, e cila i ka hapur rrug\u00eb organit t\u00eb Akuz\u00ebs t\u00eb vijoj\u00eb edhe p\u00ebr tre muaj t\u00eb tjer\u00eb hetimet.<\/p>\n<p>Mbi Adriatik Llall\u00ebn r\u00ebndojn\u00eb dyshime p\u00ebr 4 vepra penale, m\u00eb e r\u00ebnda ajo e pastrimit t\u00eb parave.<\/p>\n<p>&nbsp;<\/p>","protected":false},"excerpt":{"rendered":"<p>Gjykata e Krimeve t\u00eb R\u00ebnda ka rr\u00ebzuar k\u00ebrkes\u00ebn e ish-kryeprokurorit Adriatik Llalla p\u00ebr shfuqizimin e zgjatjes s\u00eb afatit hetimor ndaj tij. Ishte Prokuroria q\u00eb k\u00ebrkoi t\u00eb zgjaste edhe p\u00ebr tre muaj afatin e hetimit p\u00ebr Llall\u00ebn, me argumentin se pret p\u00ebrgjigjen e let\u00ebr-porosive nga Gjermania. Por, nj\u00eb k\u00ebrkes\u00eb e till\u00eb nuk u prit mir\u00eb nga [&hellip;]<\/p>\n","protected":false},"author":2013,"featured_media":76644,"comment_status":"open","ping_status":"closed","sticky":false,"template":"","format":"standard","meta":{"footnotes":""},"categories":[241,235],"tags":[],"class_list":{"0":"post-94094","1":"post","2":"type-post","3":"status-publish","4":"format-standard","5":"has-post-thumbnail","7":"category-aktualitet","8":"category-vendi"},"_links":{"self":[{"href":"https:\/\/zjarr.tv\/en\/wp-json\/wp\/v2\/posts\/94094","targetHints":{"allow":["GET"]}}],"collection":[{"href":"https:\/\/zjarr.tv\/en\/wp-json\/wp\/v2\/posts"}],"about":[{"href":"https:\/\/zjarr.tv\/en\/wp-json\/wp\/v2\/types\/post"}],"author":[{"embeddable":true,"href":"https:\/\/zjarr.tv\/en\/wp-json\/wp\/v2\/users\/2013"}],"replies":[{"embeddable":true,"href":"https:\/\/zjarr.tv\/en\/wp-json\/wp\/v2\/comments?post=94094"}],"version-history":[{"count":0,"href":"https:\/\/zjarr.tv\/en\/wp-json\/wp\/v2\/posts\/94094\/revisions"}],"wp:featuredmedia":[{"embeddable":true,"href":"https:\/\/zjarr.tv\/en\/wp-json\/wp\/v2\/media\/76644"}],"wp:attachment":[{"href":"https:\/\/zjarr.tv\/en\/wp-json\/wp\/v2\/media?parent=94094"}],"wp:term":[{"taxonomy":"category","embeddable":true,"href":"https:\/\/zjarr.tv\/en\/wp-json\/wp\/v2\/categories?post=94094"},{"taxonomy":"post_tag","embeddable":true,"href":"https:\/\/zjarr.tv\/en\/wp-json\/wp\/v2\/tags?post=94094"}],"curies":[{"name":"wp","href":"https:\/\/api.w.org\/{rel}","templated":true}]}}