{"id":94738,"date":"2019-07-07T15:28:02","date_gmt":"2019-07-07T13:28:02","guid":{"rendered":"https:\/\/zjarr.tv\/?p=94738"},"modified":"2019-07-07T15:28:02","modified_gmt":"2019-07-07T13:28:02","slug":"te-solidarizohemi-me-te-dhe-cdo-media-dhe-ze-kritik-basha-denon-sulmin-ndaj-fatos-lubonjes","status":"publish","type":"post","link":"https:\/\/zjarr.tv\/en\/te-solidarizohemi-me-te-dhe-cdo-media-dhe-ze-kritik-basha-denon-sulmin-ndaj-fatos-lubonjes\/","title":{"rendered":"\u2018T\u00eb solidarizohemi me t\u00eb dhe \u00e7do media dhe z\u00eb kritik\u2019, Basha d\u00ebnon sulmin ndaj Fatos Lubonj\u00ebs"},"content":{"rendered":"<p>Kreu i Partis\u00eb Demokratike, Lulzim Basha, ka reaguar pas sulmit ndaj makin\u00ebs s\u00eb analistit Fatos Lubonja.<\/p>\n<p>P\u00ebrmes nj\u00eb mesazhi n\u00eb \u201cFacebook\u201d, Basha d\u00ebnon me ashp\u00ebri dhun\u00ebn ndaj Lubonj\u00ebs, duke shtuar se kjo dhun\u00eb fizike vjen n\u00eb klim\u00ebn e dhun\u00ebs psikologjike, gjuh\u00ebs s\u00eb urrejtjes dhe sulmeve t\u00eb Ram\u00ebs kund\u00ebr z\u00ebrave kritik\u00eb dhe medias jasht\u00eb kontrollit t\u00eb tij.<\/p>\n<p>Sipas kreut t\u00eb PD, \u00ebsht\u00eb detyr\u00eb e politikan\u00ebve t\u00eb mbrojn\u00eb e mb\u00ebshtesin z\u00ebrat e lir\u00eb si Lubonja. \u201cD\u00ebnoj me ashp\u00ebrsi dhun\u00ebn e drejtuar kund\u00ebr intelektualit publik Fatos Lubonja. Kjo dhun\u00eb fizike vjen n\u00eb klim\u00ebn e dhun\u00ebs psikologjike, gjuh\u00ebs s\u00eb urrejtjes dhe sulmeve t\u00eb Edi Ram\u00ebs kund\u00ebr z\u00ebrave kritik\u00eb dhe medias jasht\u00eb kontrollit t\u00eb tij.<\/p>\n<p>\u00cbsht\u00eb detyra jon\u00eb t\u00eb mbrojm\u00eb dhe mb\u00ebshtesim z\u00ebrat e lir\u00eb si Fatos Lubonja ndaj ju ftoj t\u00eb gjith\u00eb t\u00eb solidarizohemi me t\u00eb dhe \u00e7do media dhe z\u00eb kritik\u201d, shkruan Basha.<\/p>\n<p>&nbsp;<\/p>","protected":false},"excerpt":{"rendered":"<p>Kreu i Partis\u00eb Demokratike, Lulzim Basha, ka reaguar pas sulmit ndaj makin\u00ebs s\u00eb analistit Fatos Lubonja. P\u00ebrmes nj\u00eb mesazhi n\u00eb \u201cFacebook\u201d, Basha d\u00ebnon me ashp\u00ebri dhun\u00ebn ndaj Lubonj\u00ebs, duke shtuar se kjo dhun\u00eb fizike vjen n\u00eb klim\u00ebn e dhun\u00ebs psikologjike, gjuh\u00ebs s\u00eb urrejtjes dhe sulmeve t\u00eb Ram\u00ebs kund\u00ebr z\u00ebrave kritik\u00eb dhe medias jasht\u00eb kontrollit t\u00eb [&hellip;]<\/p>\n","protected":false},"author":2013,"featured_media":64981,"comment_status":"open","ping_status":"closed","sticky":false,"template":"","format":"standard","meta":{"footnotes":""},"categories":[241,235],"tags":[],"class_list":{"0":"post-94738","1":"post","2":"type-post","3":"status-publish","4":"format-standard","5":"has-post-thumbnail","7":"category-aktualitet","8":"category-vendi"},"_links":{"self":[{"href":"https:\/\/zjarr.tv\/en\/wp-json\/wp\/v2\/posts\/94738","targetHints":{"allow":["GET"]}}],"collection":[{"href":"https:\/\/zjarr.tv\/en\/wp-json\/wp\/v2\/posts"}],"about":[{"href":"https:\/\/zjarr.tv\/en\/wp-json\/wp\/v2\/types\/post"}],"author":[{"embeddable":true,"href":"https:\/\/zjarr.tv\/en\/wp-json\/wp\/v2\/users\/2013"}],"replies":[{"embeddable":true,"href":"https:\/\/zjarr.tv\/en\/wp-json\/wp\/v2\/comments?post=94738"}],"version-history":[{"count":0,"href":"https:\/\/zjarr.tv\/en\/wp-json\/wp\/v2\/posts\/94738\/revisions"}],"wp:featuredmedia":[{"embeddable":true,"href":"https:\/\/zjarr.tv\/en\/wp-json\/wp\/v2\/media\/64981"}],"wp:attachment":[{"href":"https:\/\/zjarr.tv\/en\/wp-json\/wp\/v2\/media?parent=94738"}],"wp:term":[{"taxonomy":"category","embeddable":true,"href":"https:\/\/zjarr.tv\/en\/wp-json\/wp\/v2\/categories?post=94738"},{"taxonomy":"post_tag","embeddable":true,"href":"https:\/\/zjarr.tv\/en\/wp-json\/wp\/v2\/tags?post=94738"}],"curies":[{"name":"wp","href":"https:\/\/api.w.org\/{rel}","templated":true}]}}