{"id":94918,"date":"2019-07-08T15:37:18","date_gmt":"2019-07-08T13:37:18","guid":{"rendered":"https:\/\/zjarr.tv\/?p=94918"},"modified":"2019-07-08T15:37:18","modified_gmt":"2019-07-08T13:37:18","slug":"ciftit-italo-shqiptar-i-sekuestrohen-6-apartamente-ne-tirane-e-pogradec-me-vlere-1-mln-euro","status":"publish","type":"post","link":"https:\/\/zjarr.tv\/en\/ciftit-italo-shqiptar-i-sekuestrohen-6-apartamente-ne-tirane-e-pogradec-me-vlere-1-mln-euro\/","title":{"rendered":"\u00c7iftit italo-shqiptar i sekuestrohen 6 apartamente n\u00eb Tiran\u00eb e Pogradec, me vler\u00eb 1 mln euro"},"content":{"rendered":"<p>Vihen n\u00ebn sekuestro preventive pasuri t\u00eb paluajtshme n\u00eb pron\u00ebsi t\u00eb dy shtetasve shqiptar\u00eb dhe nj\u00eb italiani n\u00eb vler\u00ebn e 1 milion eurove, t\u00eb cilat dyshohen se rrjedhin nga aktiviteti i paligjsh\u00ebm i tyre.<\/p>\n<p>Pasurit\u00eb n\u00eb pron\u00ebsi t\u00eb nj\u00eb \u00e7ifti, burri italian dhe gruaja shqiptare, jan\u00eb 6 aprtamente n\u00eb Pogradec dhe Tiran\u00eb dhe nj\u00eb nj\u00ebsi sh\u00ebrbimi po n\u00eb kryeqytet. Pronat e tyre i kishin regjistruar n\u00eb em\u00ebr t\u00eb n\u00ebn\u00ebs s\u00eb gruas, pensioniste me banim n\u00eb Pogradec.<\/p>\n<p>Operacioni u zhvillua n\u00eb funksion t\u00eb procedimit penal t\u00eb vitit 2018, regjistruar p\u00ebr vepr\u00ebn penale \u00a0\u201cPastrimi i produkteve t\u00eb vepr\u00ebs penale apo veprimtaris\u00eb kriminale&#8221;.<\/p>\n<p><em>&#8220;Drejtoria Hetimore Q\u00ebndrore, Nj\u00ebsia p\u00ebr Hetimin e Krimit Ekonomik e Financiar, n\u00eb bashk\u00ebpunim me Drejtorin\u00eb Vendore t\u00eb Policis\u00eb Kor\u00e7\u00eb, n\u00ebn drejtimin e Prokuroris\u00eb pran\u00eb Gjykat\u00ebs s\u00eb Shkall\u00ebs s\u00eb Par\u00eb Pogradec, zhvilluan Operacioni Policor \u201cTransferta\u201c, p\u00ebr sekuestro preventive t\u00eb disa pasurive t\u00eb paluajtshme t\u00eb shtetasve A.D, V.D. dhe shtetasit Italian F. C&#8221; njofton policia.<\/em><\/p>\n<p>Bazuar n\u00eb vendimin e dat\u00ebs 05.07.2019, t\u00eb Gjykat\u00ebs s\u00eb Shkall\u00ebs s\u00eb Par\u00eb Pogradec, u vendos sekuestro preventive mbi pasurit\u00eb, si m\u00eb posht\u00eb:<\/p>\n<p><strong>&#8211; 2 apartamente banimi n\u00eb Pogradec, me sip\u00ebrfaqe 175 m2;<\/strong><\/p>\n<p><em>&#8211; 4 apartamente banimi n\u00eb Tiran\u00eb, me sip\u00ebrfaqe 420 m2;<\/em><\/p>\n<p><strong>&#8211; 1 nj\u00ebsi sh\u00ebrbimi n\u00eb Tiran\u00eb, me sip\u00ebrfaqe 106.5 m2;<\/strong><\/p>\n<p>Si\u00e7 edhe njofton policia,<em>&#8221; shtetasja A.D dhe shtetasi italian F. C. jan\u00eb proceduar m\u00eb par\u00eb nga Autoritetet Gjyq\u00ebsore Italiane, nga Guardia di Finanzia e Comos, p\u00ebr veprat penale t\u00eb mashtrimeve financiare, falsifikimit dhe shitjes s\u00eb produkteve me shenja false&#8221;.<\/em><\/p>\n<p>Nga hetimi ka rezultuar se t\u00eb dy k\u00ebtyre shtetasve, Guardia di Finanza, ju ka sekuestruar rreth 2.388.611 euro n\u00eb Itali, t\u00eb cilat dyshohen se rrjedhin nga aktiviteti i paligjsh\u00ebm i tyre.<\/p>\n<p>Nga veprimet hetimore t\u00eb kryera n\u00eb funksion t\u00eb procedimit penal t\u00eb vitit 2018 t\u00eb Prokuroris\u00eb pran\u00eb Gjykat\u00ebs s\u00eb Shkall\u00ebs s\u00eb par\u00eb Pogradec, rezultoi se shtetasja A.D bashk\u00ebjeton me shtetasin Italian F. C, dhe banojn\u00eb n\u00eb Itali.<\/p>\n<p>P\u00ebr t\u00eb fshehur dhe justifikuar k\u00ebto prona t\u00eb blera n\u00eb Shqip\u00ebri, i kan\u00eb regjistruar n\u00eb em\u00ebr t\u00eb shtetases V.D me banim n\u00eb Pogradec (n\u00ebna e shtetases A.D, pensioniste).<\/p>\n<p>Policia e Shtetit n\u00eb bashk\u00ebpunim t\u00eb ngusht\u00eb me Prokurorin\u00eb e Rrrethit Gjyq\u00ebsor Pogradec, po vijon pun\u00ebn p\u00ebr dokumentimin e plot\u00eb t\u00eb aktivitetit t\u00eb paligjsh\u00ebm t\u00eb k\u00ebtyre personave, si dhe identifikimin e personave t\u00eb tjer\u00eb t\u00eb p\u00ebrfshir\u00eb.<\/p>\n<p>&nbsp;<\/p>","protected":false},"excerpt":{"rendered":"<p>Vihen n\u00ebn sekuestro preventive pasuri t\u00eb paluajtshme n\u00eb pron\u00ebsi t\u00eb dy shtetasve shqiptar\u00eb dhe nj\u00eb italiani n\u00eb vler\u00ebn e 1 milion eurove, t\u00eb cilat dyshohen se rrjedhin nga aktiviteti i paligjsh\u00ebm i tyre. Pasurit\u00eb n\u00eb pron\u00ebsi t\u00eb nj\u00eb \u00e7ifti, burri italian dhe gruaja shqiptare, jan\u00eb 6 aprtamente n\u00eb Pogradec dhe Tiran\u00eb dhe nj\u00eb nj\u00ebsi sh\u00ebrbimi [&hellip;]<\/p>\n","protected":false},"author":2013,"featured_media":0,"comment_status":"open","ping_status":"closed","sticky":false,"template":"","format":"standard","meta":{"footnotes":""},"categories":[241,235],"tags":[],"class_list":{"0":"post-94918","1":"post","2":"type-post","3":"status-publish","4":"format-standard","6":"category-aktualitet","7":"category-vendi"},"_links":{"self":[{"href":"https:\/\/zjarr.tv\/en\/wp-json\/wp\/v2\/posts\/94918","targetHints":{"allow":["GET"]}}],"collection":[{"href":"https:\/\/zjarr.tv\/en\/wp-json\/wp\/v2\/posts"}],"about":[{"href":"https:\/\/zjarr.tv\/en\/wp-json\/wp\/v2\/types\/post"}],"author":[{"embeddable":true,"href":"https:\/\/zjarr.tv\/en\/wp-json\/wp\/v2\/users\/2013"}],"replies":[{"embeddable":true,"href":"https:\/\/zjarr.tv\/en\/wp-json\/wp\/v2\/comments?post=94918"}],"version-history":[{"count":0,"href":"https:\/\/zjarr.tv\/en\/wp-json\/wp\/v2\/posts\/94918\/revisions"}],"wp:attachment":[{"href":"https:\/\/zjarr.tv\/en\/wp-json\/wp\/v2\/media?parent=94918"}],"wp:term":[{"taxonomy":"category","embeddable":true,"href":"https:\/\/zjarr.tv\/en\/wp-json\/wp\/v2\/categories?post=94918"},{"taxonomy":"post_tag","embeddable":true,"href":"https:\/\/zjarr.tv\/en\/wp-json\/wp\/v2\/tags?post=94918"}],"curies":[{"name":"wp","href":"https:\/\/api.w.org\/{rel}","templated":true}]}}