{"id":94920,"date":"2019-07-08T15:42:17","date_gmt":"2019-07-08T13:42:17","guid":{"rendered":"https:\/\/zjarr.tv\/?p=94920"},"modified":"2019-07-08T15:42:17","modified_gmt":"2019-07-08T13:42:17","slug":"rudina-hajdari-e-paqendrueshme-ndryshon-mendim-brenda-5-ditesh-per-presidentin-meta","status":"publish","type":"post","link":"https:\/\/zjarr.tv\/en\/rudina-hajdari-e-paqendrueshme-ndryshon-mendim-brenda-5-ditesh-per-presidentin-meta\/","title":{"rendered":"Rudina Hajdari e paq\u00ebndrueshme, ndryshon mendim brenda 5 dit\u00ebsh p\u00ebr presidentin Meta"},"content":{"rendered":"<p>Ndryshe nga sa deklaroi 5 dit\u00eb m\u00eb par\u00eb, se k\u00ebrkonte koh\u00eb p\u00ebr ngritjen e Komisionit Hetimor p\u00ebr shkarkimin e presidentit Meta, grupi i kryesuar nga Rudina Hajdari ka b\u00ebr\u00eb propozimet p\u00ebr t\u00eb qen\u00eb pjes\u00eb e k\u00ebtij Komisioni.<\/p>\n<p>Dy propozimet e Hajdarit p\u00ebr komisionin me 9 vende jan\u00eb Alban Zeneli dhe Halit Valteri, t\u00eb cil\u00ebve do tiu bashkohen dhe dy deputet\u00eb nga radh\u00ebt e t\u00eb pavarurve t\u00eb dal\u00eb nga listat e LSI-s\u00eb. M\u00eb her\u00ebt gjat\u00eb paradites s\u00eb sotme edhe PS ka dh\u00ebn\u00eb pes\u00eb emrat e saj p\u00ebr k\u00ebt\u00eb komision q\u00eb jan\u00eb:<\/p>\n<p>Ulsi Manja kryetar komisioni dhe an\u00ebtar\u00ebt: Vasilika Hysi, Klotilda Ferhati, Bashkim Fino dhe Alket Hyseni.<\/p>\n<p><strong>\u00c7far\u00eb deklaronte Rudina Hajdari vet\u00ebm 5 dit\u00eb m\u00eb par\u00eb:<\/strong><\/p>\n<p>\u201cUn\u00eb propozova shtyrjen e komisionit hetimor meq\u00eb nuk kemi nj\u00eb Gjykat\u00eb Kushtetuese. Nuk \u00ebsht\u00eb koha e duhur. Nga ana proceduriale nuk e ndaloj dot sepse \u00ebsht\u00eb k\u00ebrkes\u00eb e 55 deputet\u00ebve t\u00eb maxhoranc\u00ebs por ne nuk kemi pse t\u00eb nxitohemi. N\u00ebse presidenti ka shkelur Kushtetut\u00ebn mund t\u00eb v\u00ebrtetohet n\u00eb nj\u00eb moment m\u00eb normal\u201d.<\/p>\n<p>Na duhet t\u00eb presim seanc\u00ebn e sotme t\u00eb or\u00ebs 17:00 p\u00ebr t\u00eb kuptuar m\u00eb mir\u00eb se \u00e7far\u00eb e shtyu Hajdarin t\u00eb ndryshonte qendrim p\u00ebr m\u00eb pak se 5 dit\u00eb.<\/p>\n<p>&nbsp;<\/p>","protected":false},"excerpt":{"rendered":"<p>Ndryshe nga sa deklaroi 5 dit\u00eb m\u00eb par\u00eb, se k\u00ebrkonte koh\u00eb p\u00ebr ngritjen e Komisionit Hetimor p\u00ebr shkarkimin e presidentit Meta, grupi i kryesuar nga Rudina Hajdari ka b\u00ebr\u00eb propozimet p\u00ebr t\u00eb qen\u00eb pjes\u00eb e k\u00ebtij Komisioni. Dy propozimet e Hajdarit p\u00ebr komisionin me 9 vende jan\u00eb Alban Zeneli dhe Halit Valteri, t\u00eb cil\u00ebve do [&hellip;]<\/p>\n","protected":false},"author":2013,"featured_media":94371,"comment_status":"open","ping_status":"closed","sticky":false,"template":"","format":"standard","meta":{"footnotes":""},"categories":[241,235],"tags":[],"class_list":{"0":"post-94920","1":"post","2":"type-post","3":"status-publish","4":"format-standard","5":"has-post-thumbnail","7":"category-aktualitet","8":"category-vendi"},"_links":{"self":[{"href":"https:\/\/zjarr.tv\/en\/wp-json\/wp\/v2\/posts\/94920","targetHints":{"allow":["GET"]}}],"collection":[{"href":"https:\/\/zjarr.tv\/en\/wp-json\/wp\/v2\/posts"}],"about":[{"href":"https:\/\/zjarr.tv\/en\/wp-json\/wp\/v2\/types\/post"}],"author":[{"embeddable":true,"href":"https:\/\/zjarr.tv\/en\/wp-json\/wp\/v2\/users\/2013"}],"replies":[{"embeddable":true,"href":"https:\/\/zjarr.tv\/en\/wp-json\/wp\/v2\/comments?post=94920"}],"version-history":[{"count":0,"href":"https:\/\/zjarr.tv\/en\/wp-json\/wp\/v2\/posts\/94920\/revisions"}],"wp:featuredmedia":[{"embeddable":true,"href":"https:\/\/zjarr.tv\/en\/wp-json\/wp\/v2\/media\/94371"}],"wp:attachment":[{"href":"https:\/\/zjarr.tv\/en\/wp-json\/wp\/v2\/media?parent=94920"}],"wp:term":[{"taxonomy":"category","embeddable":true,"href":"https:\/\/zjarr.tv\/en\/wp-json\/wp\/v2\/categories?post=94920"},{"taxonomy":"post_tag","embeddable":true,"href":"https:\/\/zjarr.tv\/en\/wp-json\/wp\/v2\/tags?post=94920"}],"curies":[{"name":"wp","href":"https:\/\/api.w.org\/{rel}","templated":true}]}}