{"id":94924,"date":"2019-07-08T16:10:48","date_gmt":"2019-07-08T14:10:48","guid":{"rendered":"https:\/\/zjarr.tv\/?p=94924"},"modified":"2019-07-08T16:10:48","modified_gmt":"2019-07-08T14:10:48","slug":"e-djathta-greke-fiton-zgjedhjet","status":"publish","type":"post","link":"https:\/\/zjarr.tv\/en\/e-djathta-greke-fiton-zgjedhjet\/","title":{"rendered":"E djathta greke fiton zgjedhjet"},"content":{"rendered":"<p><em>T\u00eb djatht\u00ebt grek\u00eb fituan gati dyfishin e mandateve n\u00eb zgjedhjet e p\u00ebrgjithshme q\u00eb u mbajt\u00ebn t\u00eb diel\u00ebn. Demokrati, Kirjakos Micotakis, pritet t\u00eb betohet si kryeminist\u00ebr i vendit n\u00eb or\u00ebt n\u00eb vijim, nd\u00ebrsa rivali i tij n\u00eb largim, Aleksis Cipras, e pranoi humbjen dhe u zotua t\u00eb udh\u00ebheq\u00eb opozit\u00ebn me p\u00ebrgjegj\u00ebsi dhe dinamiz\u00ebm.<\/em><\/p>\n<p>Demokrat\u00ebt n\u00eb Greqi kan\u00eb arritur t\u00eb fitojn\u00eb shumic\u00ebn absolute n\u00eb zgjedhjet e parakohshme parlamentare.<\/p>\n<p>Partia e kryeministrit t\u00eb ardhsh\u00ebm, 51-vje\u00e7arit Kirjakos Micotakis, mori rreth 40 p\u00ebr qind t\u00eb votave ose 158 mandate, nd\u00ebrsa rivali m\u00eb i af\u00ebrt, kreu n\u00eb largim i ekzekutivit, Aleksis Cipras, 8 p\u00ebr qind m\u00eb pak ose 86 mandate.<\/p>\n<p>N\u00eb fjalimin e fitores, konservatori Micotakis premtoi p\u00ebrmbushjen e zotimeve elektorale p\u00ebr taksat t\u00eb ul\u00ebta, rritje t\u00eb investimeve dhe t\u00eb vendeve t\u00eb pun\u00ebs.<\/p>\n<p><em>Mitsotakis:\u00a0&#8220;Ju k\u00ebrkova nj\u00eb mandat t\u00eb fort\u00eb p\u00ebr t\u00eb ndryshuar Greqin\u00eb, dhe ju ma ofruat me bujari. Nga sot, nis nj\u00eb betej\u00eb e v\u00ebshtir\u00eb por e bukur.&#8221;<\/em><\/p>\n<p>Shefi i &#8220;Siriz\u00ebs&#8221;, Cipras, e pranoi humbjen por tha se partia e tij do t\u00eb mbetet nj\u00eb forc\u00eb e p\u00ebrgjegjshme dhe dinamike opozitare.<\/p>\n<p><em>Tsipras:\u00a0&#8220;Ne e respektojm\u00eb plot\u00ebsisht vot\u00ebn popullore. P\u00ebr ta sjell\u00eb Greqin\u00eb aty ku \u00ebsht\u00eb sot na duhej t\u00eb merrnim vendime t\u00eb v\u00ebshtira me kosto t\u00eb r\u00ebnda politike.&#8221;<\/em><\/p>\n<p>Parlamenti i ri grek do t\u00eb p\u00ebrfaq\u00ebsohet n\u00eb kat\u00ebr vitet e ardhshme nga kat\u00ebr parti t\u00eb vogla politike, nd\u00ebrkoh\u00eb q\u00eb neonazist\u00ebt e &#8220;Agimit t\u00eb Art\u00eb&#8221; nuk fituan asnj\u00eb mandat.<\/p>\n<p>N\u00eb zgjedhjet parlamentare kandiduan edhe pes\u00eb shqiptar\u00eb, si Eda Gemi, Fatos Malaj, dhe Kristos Ducis p\u00ebr partit\u00eb e vogla, Anxhela Filo p\u00ebr partin\u00eb &#8220;Demokracia e Re&#8221; dhe Jorgos Trihas p\u00ebr &#8220;Siriz\u00ebn&#8221;.<\/p>\n<p>Micotakis, \u00ebsht\u00eb pasardh\u00ebsi i nj\u00eb dinastie t\u00eb njohur politike dhe djali i ish-kryeministrit Konstantinos Micotakis n\u00eb fillimvitet 90.<\/p>\n<p>Fitoren e tij e uruan brenda pak or\u00ebsh disa personalitete shqiptare dhe t\u00eb huaja, si kryetari i demokrat\u00ebve shqiptar\u00eb Lulzim Basha, president\u00ebt e Serbis\u00eb, Turqis\u00eb, dhe ai i Komisionit Europian, Zhan-Klod Junker.<\/p>\n<p>Kryeministri i ri pritet t\u00eb betohet t\u00eb h\u00ebn\u00ebn dhe t\u00eb caktoj\u00eb kabinetin e ri qeveris\u00ebs.<\/p>\n<p>&nbsp;<\/p>","protected":false},"excerpt":{"rendered":"<p>T\u00eb djatht\u00ebt grek\u00eb fituan gati dyfishin e mandateve n\u00eb zgjedhjet e p\u00ebrgjithshme q\u00eb u mbajt\u00ebn t\u00eb diel\u00ebn. Demokrati, Kirjakos Micotakis, pritet t\u00eb betohet si kryeminist\u00ebr i vendit n\u00eb or\u00ebt n\u00eb vijim, nd\u00ebrsa rivali i tij n\u00eb largim, Aleksis Cipras, e pranoi humbjen dhe u zotua t\u00eb udh\u00ebheq\u00eb opozit\u00ebn me p\u00ebrgjegj\u00ebsi dhe dinamiz\u00ebm. Demokrat\u00ebt n\u00eb Greqi [&hellip;]<\/p>\n","protected":false},"author":2013,"featured_media":94943,"comment_status":"open","ping_status":"closed","sticky":false,"template":"","format":"standard","meta":{"footnotes":""},"categories":[241,2],"tags":[],"class_list":{"0":"post-94924","1":"post","2":"type-post","3":"status-publish","4":"format-standard","5":"has-post-thumbnail","7":"category-aktualitet","8":"category-rajoni"},"_links":{"self":[{"href":"https:\/\/zjarr.tv\/en\/wp-json\/wp\/v2\/posts\/94924","targetHints":{"allow":["GET"]}}],"collection":[{"href":"https:\/\/zjarr.tv\/en\/wp-json\/wp\/v2\/posts"}],"about":[{"href":"https:\/\/zjarr.tv\/en\/wp-json\/wp\/v2\/types\/post"}],"author":[{"embeddable":true,"href":"https:\/\/zjarr.tv\/en\/wp-json\/wp\/v2\/users\/2013"}],"replies":[{"embeddable":true,"href":"https:\/\/zjarr.tv\/en\/wp-json\/wp\/v2\/comments?post=94924"}],"version-history":[{"count":0,"href":"https:\/\/zjarr.tv\/en\/wp-json\/wp\/v2\/posts\/94924\/revisions"}],"wp:featuredmedia":[{"embeddable":true,"href":"https:\/\/zjarr.tv\/en\/wp-json\/wp\/v2\/media\/94943"}],"wp:attachment":[{"href":"https:\/\/zjarr.tv\/en\/wp-json\/wp\/v2\/media?parent=94924"}],"wp:term":[{"taxonomy":"category","embeddable":true,"href":"https:\/\/zjarr.tv\/en\/wp-json\/wp\/v2\/categories?post=94924"},{"taxonomy":"post_tag","embeddable":true,"href":"https:\/\/zjarr.tv\/en\/wp-json\/wp\/v2\/tags?post=94924"}],"curies":[{"name":"wp","href":"https:\/\/api.w.org\/{rel}","templated":true}]}}