{"id":94953,"date":"2019-07-08T16:37:30","date_gmt":"2019-07-08T14:37:30","guid":{"rendered":"https:\/\/zjarr.tv\/?p=94953"},"modified":"2019-07-08T16:37:30","modified_gmt":"2019-07-08T14:37:30","slug":"meta-i-telefonon-mitsotakisit-progresi-i-greqise-i-rendesishem-per-te-ardhmen-e-perbashket-europiane","status":"publish","type":"post","link":"https:\/\/zjarr.tv\/en\/meta-i-telefonon-mitsotakisit-progresi-i-greqise-i-rendesishem-per-te-ardhmen-e-perbashket-europiane\/","title":{"rendered":"Meta i telefonon Mitsotakisit: Progresi i Greqis\u00eb, i r\u00ebnd\u00ebsish\u00ebm p\u00ebr t\u00eb ardhmen e p\u00ebrbashk\u00ebt europiane"},"content":{"rendered":"<p>Presidenti i Republik\u00ebs s\u00eb Shqip\u00ebris\u00eb, Ilir Meta ka zhvilluar sot nj\u00eb bised\u00eb telefonike me kryeministrin e ri t\u00eb Greqis\u00eb, Kyriakos Mitsotakis.<\/p>\n<p>N\u00eb nj\u00eb status t\u00eb tijin n\u00eb Facebook, Meta thot\u00eb se ka diskutuar me t\u00eb dhe e ka uruar n\u00eb detyr\u00ebn e re.<\/p>\n<p>Presidenti shprehet shpres\u00ebplot\u00eb se marr\u00ebdh\u00ebniet mes dy shteteve tona do t\u00eb fuqizohen edhe m\u00eb shum\u00eb.<\/p>\n<p>Statusi i Presidentit:<\/p>\n<p>K\u00ebnaq\u00ebsi t\u2019i uroja sot gjat\u00eb nj\u00eb bisede telefonike, shum\u00eb suksese, kryeministrit t\u00eb ri t\u00eb Greqis\u00eb, z.Kyriakos Mitsotakis.<\/p>\n<p>Shpres\u00ebplot\u00eb se marr\u00ebdh\u00ebniet mes dy shteteve tona do t\u00eb fuqizohen akoma m\u00eb shum\u00eb n\u00eb interes t\u00eb dy popujve tan\u00eb.<\/p>\n<p>Progresi i Greqis\u00eb \u00ebsht\u00eb shum\u00eb i r\u00ebnd\u00ebsish\u00ebm p\u00ebr t\u00eb gjith\u00eb shqiptar\u00ebt q\u00eb jetojn\u00eb atje dhe p\u00ebr t\u00eb ardhmen e p\u00ebrbashk\u00ebt europiane.<\/p>\n<p>&nbsp;<\/p>","protected":false},"excerpt":{"rendered":"<p>Presidenti i Republik\u00ebs s\u00eb Shqip\u00ebris\u00eb, Ilir Meta ka zhvilluar sot nj\u00eb bised\u00eb telefonike me kryeministrin e ri t\u00eb Greqis\u00eb, Kyriakos Mitsotakis. N\u00eb nj\u00eb status t\u00eb tijin n\u00eb Facebook, Meta thot\u00eb se ka diskutuar me t\u00eb dhe e ka uruar n\u00eb detyr\u00ebn e re. Presidenti shprehet shpres\u00ebplot\u00eb se marr\u00ebdh\u00ebniet mes dy shteteve tona do t\u00eb fuqizohen [&hellip;]<\/p>\n","protected":false},"author":2013,"featured_media":53119,"comment_status":"open","ping_status":"closed","sticky":false,"template":"","format":"standard","meta":{"footnotes":""},"categories":[241,235],"tags":[],"class_list":{"0":"post-94953","1":"post","2":"type-post","3":"status-publish","4":"format-standard","5":"has-post-thumbnail","7":"category-aktualitet","8":"category-vendi"},"_links":{"self":[{"href":"https:\/\/zjarr.tv\/en\/wp-json\/wp\/v2\/posts\/94953","targetHints":{"allow":["GET"]}}],"collection":[{"href":"https:\/\/zjarr.tv\/en\/wp-json\/wp\/v2\/posts"}],"about":[{"href":"https:\/\/zjarr.tv\/en\/wp-json\/wp\/v2\/types\/post"}],"author":[{"embeddable":true,"href":"https:\/\/zjarr.tv\/en\/wp-json\/wp\/v2\/users\/2013"}],"replies":[{"embeddable":true,"href":"https:\/\/zjarr.tv\/en\/wp-json\/wp\/v2\/comments?post=94953"}],"version-history":[{"count":0,"href":"https:\/\/zjarr.tv\/en\/wp-json\/wp\/v2\/posts\/94953\/revisions"}],"wp:featuredmedia":[{"embeddable":true,"href":"https:\/\/zjarr.tv\/en\/wp-json\/wp\/v2\/media\/53119"}],"wp:attachment":[{"href":"https:\/\/zjarr.tv\/en\/wp-json\/wp\/v2\/media?parent=94953"}],"wp:term":[{"taxonomy":"category","embeddable":true,"href":"https:\/\/zjarr.tv\/en\/wp-json\/wp\/v2\/categories?post=94953"},{"taxonomy":"post_tag","embeddable":true,"href":"https:\/\/zjarr.tv\/en\/wp-json\/wp\/v2\/tags?post=94953"}],"curies":[{"name":"wp","href":"https:\/\/api.w.org\/{rel}","templated":true}]}}