{"id":94989,"date":"2019-07-08T16:38:55","date_gmt":"2019-07-08T14:38:55","guid":{"rendered":"https:\/\/zjarr.tv\/?p=94989"},"modified":"2019-07-08T16:38:55","modified_gmt":"2019-07-08T14:38:55","slug":"dalin-emrat-ja-lista-e-subjekteve-qe-do-ti-nenshtrohen-vettingut-ne-polici","status":"publish","type":"post","link":"https:\/\/zjarr.tv\/en\/dalin-emrat-ja-lista-e-subjekteve-qe-do-ti-nenshtrohen-vettingut-ne-polici\/","title":{"rendered":"Dalin emrat, ja lista e subjekteve q\u00eb do ti n\u00ebnshtrohen vettingut n\u00eb polici"},"content":{"rendered":"<p>N\u00eb faqen zyrtare t\u00eb Komisionit t\u00eb Jasht\u00ebm t\u00eb Vler\u00ebsimit jan\u00eb publikuar listat e punonj\u00ebsve t\u00eb Policis\u00eb s\u00eb Shtetit q\u00eb aktualisht jan\u00eb n\u00eb detyr\u00eb dhe q\u00eb do t\u2019i n\u00ebnshtrohen vler\u00ebsimit kalimtar dhe periodik n\u00eb shortin e par\u00eb.<\/p>\n<p>Pes\u00eb trupat e vler\u00ebsimit kan\u00eb nisur hetimin administrativ me k\u00ebrkimin e t\u00eb dh\u00ebnave nga institucionet publike dhe private. Ky proces bazohet n\u00eb \u00a0tre komponent\u00ebt e vler\u00ebsimit: kontrolli i pasuris\u00eb, kontrolli i figur\u00ebs dhe kontrolli profesional.<\/p>\n<p>Pas perfundimit t\u00eb procesit t\u00eb hetimit administrativ subjektet do t\u00eb njoftohen p\u00ebr p\u00ebrfundimin e hetimit administrativ dhe caktimin e dat\u00ebs p\u00ebr seanca d\u00ebgjimore publike n\u00eb zbatim t\u00eb ligjit 12\/2018, i ndryshuar \u00a0dhe Kodit t\u00eb Procedurave Administrative.<\/p>\n<p><em>M\u00eb posht\u00eb lexoni list\u00ebn e plot\u00eb:<\/em><\/p>\n<p><a href=\"http:\/\/kjv.al\/lista-e-45-dyzet-e-pese-subjekteve-per-shortimin-e-pare\/\">Lista e subjekteve p\u00ebr shortimin e par\u00eb<\/a><\/p>","protected":false},"excerpt":{"rendered":"<p>N\u00eb faqen zyrtare t\u00eb Komisionit t\u00eb Jasht\u00ebm t\u00eb Vler\u00ebsimit jan\u00eb publikuar listat e punonj\u00ebsve t\u00eb Policis\u00eb s\u00eb Shtetit q\u00eb aktualisht jan\u00eb n\u00eb detyr\u00eb dhe q\u00eb do t\u2019i n\u00ebnshtrohen vler\u00ebsimit kalimtar dhe periodik n\u00eb shortin e par\u00eb. Pes\u00eb trupat e vler\u00ebsimit kan\u00eb nisur hetimin administrativ me k\u00ebrkimin e t\u00eb dh\u00ebnave nga institucionet publike dhe private. Ky [&hellip;]<\/p>\n","protected":false},"author":2013,"featured_media":72756,"comment_status":"open","ping_status":"closed","sticky":false,"template":"","format":"standard","meta":{"footnotes":""},"categories":[241,235],"tags":[],"class_list":{"0":"post-94989","1":"post","2":"type-post","3":"status-publish","4":"format-standard","5":"has-post-thumbnail","7":"category-aktualitet","8":"category-vendi"},"_links":{"self":[{"href":"https:\/\/zjarr.tv\/en\/wp-json\/wp\/v2\/posts\/94989","targetHints":{"allow":["GET"]}}],"collection":[{"href":"https:\/\/zjarr.tv\/en\/wp-json\/wp\/v2\/posts"}],"about":[{"href":"https:\/\/zjarr.tv\/en\/wp-json\/wp\/v2\/types\/post"}],"author":[{"embeddable":true,"href":"https:\/\/zjarr.tv\/en\/wp-json\/wp\/v2\/users\/2013"}],"replies":[{"embeddable":true,"href":"https:\/\/zjarr.tv\/en\/wp-json\/wp\/v2\/comments?post=94989"}],"version-history":[{"count":0,"href":"https:\/\/zjarr.tv\/en\/wp-json\/wp\/v2\/posts\/94989\/revisions"}],"wp:featuredmedia":[{"embeddable":true,"href":"https:\/\/zjarr.tv\/en\/wp-json\/wp\/v2\/media\/72756"}],"wp:attachment":[{"href":"https:\/\/zjarr.tv\/en\/wp-json\/wp\/v2\/media?parent=94989"}],"wp:term":[{"taxonomy":"category","embeddable":true,"href":"https:\/\/zjarr.tv\/en\/wp-json\/wp\/v2\/categories?post=94989"},{"taxonomy":"post_tag","embeddable":true,"href":"https:\/\/zjarr.tv\/en\/wp-json\/wp\/v2\/tags?post=94989"}],"curies":[{"name":"wp","href":"https:\/\/api.w.org\/{rel}","templated":true}]}}