{"id":94991,"date":"2019-07-08T17:39:00","date_gmt":"2019-07-08T15:39:00","guid":{"rendered":"https:\/\/zjarr.tv\/?p=94991"},"modified":"2019-07-08T17:39:00","modified_gmt":"2019-07-08T15:39:00","slug":"protesta-e-opozites-nisen-mijera-protestues-nga-dibra","status":"publish","type":"post","link":"https:\/\/zjarr.tv\/en\/protesta-e-opozites-nisen-mijera-protestues-nga-dibra\/","title":{"rendered":"Protesta e opozit\u00ebs, nisen mij\u00ebra protestues nga Dibra"},"content":{"rendered":"<p>Mij\u00ebra mb\u00ebshtet\u00ebs t\u00eb opozit\u00ebs jan\u00eb nisur nga qarku i Dibr\u00ebs p\u00ebr t\u00eb marr\u00eb pjes\u00eb n\u00eb protest\u00ebn e sotme. K\u00ebshtu deklaron Partia Demokratike n\u00eb Dib\u00ebr, e cila thot\u00eb se nga 4 bashkit\u00eb e qarkut jan\u00eb rreth 5000 qytetar\u00eb q\u00eb po i bashkohen protest\u00ebs s\u00eb or\u00ebs 20:00 n\u00eb Tiran\u00eb.<\/p>\n<p>Protestuesit jan\u00eb nisur me autobus\u00eb dhe shum\u00eb mjete private. P\u00ebr shkak t\u00eb pikave t\u00eb kontrollit t\u00eb ngritura n\u00eb rrug\u00ebt nacionale, m\u00ebsohet se protestuesit jan\u00eb nisur q\u00eb nga m\u00ebngjesi i k\u00ebsaj t\u00eb h\u00ebn\u00eb.<\/p>\n<p>&nbsp;<\/p>","protected":false},"excerpt":{"rendered":"<p>Mij\u00ebra mb\u00ebshtet\u00ebs t\u00eb opozit\u00ebs jan\u00eb nisur nga qarku i Dibr\u00ebs p\u00ebr t\u00eb marr\u00eb pjes\u00eb n\u00eb protest\u00ebn e sotme. K\u00ebshtu deklaron Partia Demokratike n\u00eb Dib\u00ebr, e cila thot\u00eb se nga 4 bashkit\u00eb e qarkut jan\u00eb rreth 5000 qytetar\u00eb q\u00eb po i bashkohen protest\u00ebs s\u00eb or\u00ebs 20:00 n\u00eb Tiran\u00eb. Protestuesit jan\u00eb nisur me autobus\u00eb dhe shum\u00eb mjete [&hellip;]<\/p>\n","protected":false},"author":2013,"featured_media":94992,"comment_status":"open","ping_status":"closed","sticky":false,"template":"","format":"standard","meta":{"footnotes":""},"categories":[241,235],"tags":[],"class_list":{"0":"post-94991","1":"post","2":"type-post","3":"status-publish","4":"format-standard","5":"has-post-thumbnail","7":"category-aktualitet","8":"category-vendi"},"_links":{"self":[{"href":"https:\/\/zjarr.tv\/en\/wp-json\/wp\/v2\/posts\/94991","targetHints":{"allow":["GET"]}}],"collection":[{"href":"https:\/\/zjarr.tv\/en\/wp-json\/wp\/v2\/posts"}],"about":[{"href":"https:\/\/zjarr.tv\/en\/wp-json\/wp\/v2\/types\/post"}],"author":[{"embeddable":true,"href":"https:\/\/zjarr.tv\/en\/wp-json\/wp\/v2\/users\/2013"}],"replies":[{"embeddable":true,"href":"https:\/\/zjarr.tv\/en\/wp-json\/wp\/v2\/comments?post=94991"}],"version-history":[{"count":0,"href":"https:\/\/zjarr.tv\/en\/wp-json\/wp\/v2\/posts\/94991\/revisions"}],"wp:featuredmedia":[{"embeddable":true,"href":"https:\/\/zjarr.tv\/en\/wp-json\/wp\/v2\/media\/94992"}],"wp:attachment":[{"href":"https:\/\/zjarr.tv\/en\/wp-json\/wp\/v2\/media?parent=94991"}],"wp:term":[{"taxonomy":"category","embeddable":true,"href":"https:\/\/zjarr.tv\/en\/wp-json\/wp\/v2\/categories?post=94991"},{"taxonomy":"post_tag","embeddable":true,"href":"https:\/\/zjarr.tv\/en\/wp-json\/wp\/v2\/tags?post=94991"}],"curies":[{"name":"wp","href":"https:\/\/api.w.org\/{rel}","templated":true}]}}