{"id":94993,"date":"2019-07-08T19:02:56","date_gmt":"2019-07-08T17:02:56","guid":{"rendered":"https:\/\/zjarr.tv\/?p=94993"},"modified":"2019-07-08T19:02:56","modified_gmt":"2019-07-08T17:02:56","slug":"gjosha-sot-te-gjithe-ne-shesh-per-demokracine","status":"publish","type":"post","link":"https:\/\/zjarr.tv\/en\/gjosha-sot-te-gjithe-ne-shesh-per-demokracine\/","title":{"rendered":"Gjosha: \u2018Sot t\u00eb gjith\u00eb n\u00eb shesh p\u00ebr demokracin\u00eb\u2019"},"content":{"rendered":"<p>Ish-ministrja e Integrimit Klajda Gjosha, duke komentuar performanc\u00ebn mjerane q\u00eb na solli kryeministri Rama sot nga foltorja e Kuvendit, shkruan n\u00eb nj\u00eb postim n\u00eb facebook se nj\u00eb katandisje t\u00eb till\u00eb si ajo e Ram\u00ebs sot, Shqip\u00ebria kishte koh\u00eb q\u00eb nuk e p\u00ebrjetonte.<\/p>\n<p>\u2018Sot kam ndjer\u00eb keqardhje p\u00ebr Kryeministrin ilegjitim t\u00eb vendit tim! Dilem\u00eb shum\u00eb e madhe duhet t\u00eb jet\u00eb p\u00ebr t\u00eb, t\u00eb zgjedh\u00eb mes t\u00eb q\u00ebnurit diktator i eg\u00ebr apo nj\u00eb lider i shtirur n\u00eb triumfin imagjinar! Nj\u00eb katandisje t\u00eb till\u00eb kishte koh\u00eb q\u00eb nuk e p\u00ebrjetonte Shqip\u00ebria!<\/p>\n<p>Kjo nj\u00eb arsye m\u00eb shum\u00eb p\u00ebr t\u00eb q\u00ebn\u00eb t\u00eb gjith\u00eb bashk\u00eb sonte, n\u00eb protest\u00ebn e qytetar\u00ebve t\u00eb lir\u00eb, p\u00ebr demokracin\u00eb, fjal\u00ebn e lir\u00eb, zgjedhjet e ndershme, mund\u00ebsit\u00eb e barabarta dhe Shqip\u00ebrin\u00eb si gjith\u00eb Europa!\u2019, shkruan Gjosha.<\/p>\n<p>&nbsp;<\/p>","protected":false},"excerpt":{"rendered":"<p>Ish-ministrja e Integrimit Klajda Gjosha, duke komentuar performanc\u00ebn mjerane q\u00eb na solli kryeministri Rama sot nga foltorja e Kuvendit, shkruan n\u00eb nj\u00eb postim n\u00eb facebook se nj\u00eb katandisje t\u00eb till\u00eb si ajo e Ram\u00ebs sot, Shqip\u00ebria kishte koh\u00eb q\u00eb nuk e p\u00ebrjetonte. \u2018Sot kam ndjer\u00eb keqardhje p\u00ebr Kryeministrin ilegjitim t\u00eb vendit tim! Dilem\u00eb shum\u00eb e [&hellip;]<\/p>\n","protected":false},"author":2013,"featured_media":60938,"comment_status":"open","ping_status":"closed","sticky":false,"template":"","format":"standard","meta":{"footnotes":""},"categories":[241,235],"tags":[],"class_list":{"0":"post-94993","1":"post","2":"type-post","3":"status-publish","4":"format-standard","5":"has-post-thumbnail","7":"category-aktualitet","8":"category-vendi"},"_links":{"self":[{"href":"https:\/\/zjarr.tv\/en\/wp-json\/wp\/v2\/posts\/94993","targetHints":{"allow":["GET"]}}],"collection":[{"href":"https:\/\/zjarr.tv\/en\/wp-json\/wp\/v2\/posts"}],"about":[{"href":"https:\/\/zjarr.tv\/en\/wp-json\/wp\/v2\/types\/post"}],"author":[{"embeddable":true,"href":"https:\/\/zjarr.tv\/en\/wp-json\/wp\/v2\/users\/2013"}],"replies":[{"embeddable":true,"href":"https:\/\/zjarr.tv\/en\/wp-json\/wp\/v2\/comments?post=94993"}],"version-history":[{"count":0,"href":"https:\/\/zjarr.tv\/en\/wp-json\/wp\/v2\/posts\/94993\/revisions"}],"wp:featuredmedia":[{"embeddable":true,"href":"https:\/\/zjarr.tv\/en\/wp-json\/wp\/v2\/media\/60938"}],"wp:attachment":[{"href":"https:\/\/zjarr.tv\/en\/wp-json\/wp\/v2\/media?parent=94993"}],"wp:term":[{"taxonomy":"category","embeddable":true,"href":"https:\/\/zjarr.tv\/en\/wp-json\/wp\/v2\/categories?post=94993"},{"taxonomy":"post_tag","embeddable":true,"href":"https:\/\/zjarr.tv\/en\/wp-json\/wp\/v2\/tags?post=94993"}],"curies":[{"name":"wp","href":"https:\/\/api.w.org\/{rel}","templated":true}]}}