{"id":94998,"date":"2019-07-08T17:40:59","date_gmt":"2019-07-08T15:40:59","guid":{"rendered":"https:\/\/zjarr.tv\/?p=94998"},"modified":"2019-07-08T17:40:59","modified_gmt":"2019-07-08T15:40:59","slug":"kuvendi-nis-shkarkimin-e-metes-ulsi-manja-lexon-raportin","status":"publish","type":"post","link":"https:\/\/zjarr.tv\/en\/kuvendi-nis-shkarkimin-e-metes-ulsi-manja-lexon-raportin\/","title":{"rendered":"Kuvendi nis shkarkimin e Met\u00ebs, Ulsi Manja lexon raportin"},"content":{"rendered":"<p>Kuvendi ka nisur nj\u00eb seanc\u00eb t\u00eb posa\u00e7me plenare p\u00ebr shkarkimin e presidentit Meta.<\/p>\n<p>Pas miratimit n\u00eb Komisionin Parlamentar t\u00eb Ligjeve, Kuvendi pritet t\u00eb votoj\u00eb n\u00eb seanc\u00eb, ngritjen e Komisionit Hetimor ndaj presidentit t\u00eb Republik\u00ebs, Ilir Meta.<\/p>\n<p>Kryetari i Komisionit t\u00eb Ligjeve, Ulsi Manja lexoi raportin, ku ftoi t\u00eb gjith\u00eb deputet\u00ebve t\u00eb votojn\u00eb raporton dhe ngritjen e komisionit hetimor.<\/p>\n<p>Pjes\u00eb nga raporti<\/p>\n<p>N\u00eb arsyetimin e k\u00ebrkes\u00ebs s\u00eb tyre, deputet\u00ebt n\u00ebnvizojn\u00eb se Presidenti me aktin e tij:<\/p>\n<p>ka cenuar r\u00ebnd\u00eb parimin e ushtrimit t\u00eb sovranitetit nga ana e popullit;<\/p>\n<p>ka shkelur Kushtetut\u00ebn e ka marr\u00eb nj\u00ebkoh\u00ebsisht tagra t\u00eb sovranit dhe Kuvendit;<\/p>\n<p>\u00ebsht\u00eb sjell\u00eb arbitrarisht me pushtetin si pushtet ekzekutiv i pakufizuar, p\u00ebrkund\u00ebr natyr\u00ebs s\u00eb Republik\u00ebs Parlamentare;<\/p>\n<p>ka shtyr\u00eb arbitrarisht dat\u00ebn e zgjedhjeve;<\/p>\n<p>ka cenuar parimin e periodicitetit t\u00eb zgjedhjeve;<\/p>\n<p>ka cenuar parimin e ushtrimit t\u00eb pushtetit n\u00eb shtet nga nj\u00eb qeverisje e dal\u00eb nga zgjedhje t\u00eb lira;<\/p>\n<p>ka cenuar parimin e kushtetueshm\u00ebris\u00eb dhe ligjshm\u00ebris\u00eb;<\/p>\n<p>ka nxjerr\u00eb nj\u00eb akt n\u00eb kund\u00ebrshtim t\u00eb hapur dhe flagrant me ligjet;<\/p>\n<p>ka cenuar parimin e t\u00eb drejt\u00ebs s\u00eb qytetar\u00ebve si sovran\u00eb p\u00ebr t\u00eb zgjedhur dhe p\u00ebr t\u2019u zgjedhur,<\/p>\n<p>Komisioni shqyrtoi bazueshm\u00ebrin\u00eb ligjore t\u00eb k\u00ebrkes\u00ebs s\u00eb paraqitur dhe cmoi se n\u00eb aspektin ligjor dhe procedurial k\u00ebrkesa \u00ebsht\u00eb n\u00eb p\u00ebrputhje me nenin 90, pika 2 t\u00eb Kushtetut\u00ebs dhe nenin 112 t\u00eb Rregullores s\u00eb Kuvendit.<\/p>\n<p>Komisioni, vler\u00ebsoi se nga pik\u00ebpamja substanciale, \u00a0k\u00ebrkesa e 55 deputet\u00ebve t\u00eb Kuvendit t\u00eb Shqip\u00ebris\u00eb p\u00ebr fillimin e procedur\u00ebs s\u00eb shkarkimit nga detyra t\u00eb Presidentit t\u00eb Republik\u00ebs p\u00ebrmban shkaqe nga ato q\u00eb parashikohen n\u00eb nenin 90, pika 2 t\u00eb Kushtetut\u00ebs, p\u00ebr t\u00eb legjitimuar ngritjen e nj\u00eb komisioni hetimor parlamentar p\u00ebr t\u00eb hetuar shkeljen e r\u00ebnd\u00eb t\u00eb kryer nga Presidenti i Republik\u00ebs. Pjes\u00eb e hetimit duhet t\u00eb jet\u00eb dhe korrespondenca e sekretares s\u00eb p\u00ebrgjithshme t\u00eb institucionit t\u00eb Presidenc\u00ebs.<\/p>\n<p>N\u00eb p\u00ebrfundim t\u00eb mbledhjes s\u00eb dat\u00ebs 29.06.2019, Komisioni p\u00ebr \u00c7\u00ebshtjet Ligjore, Administrat\u00ebn Publike dhe t\u00eb Drejtat e Njeriut vendosi miratimin e raportit q\u00eb do t\u2019i paraqitet Kuvendit, duke propozuar ngritjen e nj\u00eb komisioni hetimor parlamentar sipas parashikimeve t\u00eb nenit 112, pika 2 t\u00eb Rregullores s\u00eb Kuvendit.<\/p>\n<p>Komisioni Hetimor p\u00ebrb\u00ebhet nga:<\/p>\n<p>1-Ulsi Manja, kryetar<br \/>\n2-Vasilika Hysi, an\u00ebtar<br \/>\n3- Klotilda Ferhati, an\u00ebtar<br \/>\n4-Bashkim Fino, an\u00ebtar<br \/>\n5-Alket Hyseni, an\u00ebtar<\/p>\n<p>Nga opozita parlamentare:<\/p>\n<p>1- Alban Zeneli<br \/>\n2- Halit Valteri<\/p>\n<p>Burime p\u00ebr RTV Ora b\u00ebn me dije se numri i an\u00ebtar\u00ebve n\u00eb Komisionin Hetimor pritet t\u00eb ndryshoj\u00eb nga 9 n\u00eb 11, pasi edhe grupi i p\u00ebrfaq\u00ebsuar nga Alimadhi ka k\u00ebrkuar p\u00ebrfaq\u00ebsim.<\/p>\n<p>&nbsp;<\/p>","protected":false},"excerpt":{"rendered":"<p>Kuvendi ka nisur nj\u00eb seanc\u00eb t\u00eb posa\u00e7me plenare p\u00ebr shkarkimin e presidentit Meta. Pas miratimit n\u00eb Komisionin Parlamentar t\u00eb Ligjeve, Kuvendi pritet t\u00eb votoj\u00eb n\u00eb seanc\u00eb, ngritjen e Komisionit Hetimor ndaj presidentit t\u00eb Republik\u00ebs, Ilir Meta. Kryetari i Komisionit t\u00eb Ligjeve, Ulsi Manja lexoi raportin, ku ftoi t\u00eb gjith\u00eb deputet\u00ebve t\u00eb votojn\u00eb raporton dhe ngritjen [&hellip;]<\/p>\n","protected":false},"author":2013,"featured_media":94999,"comment_status":"open","ping_status":"closed","sticky":false,"template":"","format":"standard","meta":{"footnotes":""},"categories":[241,235],"tags":[],"class_list":{"0":"post-94998","1":"post","2":"type-post","3":"status-publish","4":"format-standard","5":"has-post-thumbnail","7":"category-aktualitet","8":"category-vendi"},"_links":{"self":[{"href":"https:\/\/zjarr.tv\/en\/wp-json\/wp\/v2\/posts\/94998","targetHints":{"allow":["GET"]}}],"collection":[{"href":"https:\/\/zjarr.tv\/en\/wp-json\/wp\/v2\/posts"}],"about":[{"href":"https:\/\/zjarr.tv\/en\/wp-json\/wp\/v2\/types\/post"}],"author":[{"embeddable":true,"href":"https:\/\/zjarr.tv\/en\/wp-json\/wp\/v2\/users\/2013"}],"replies":[{"embeddable":true,"href":"https:\/\/zjarr.tv\/en\/wp-json\/wp\/v2\/comments?post=94998"}],"version-history":[{"count":0,"href":"https:\/\/zjarr.tv\/en\/wp-json\/wp\/v2\/posts\/94998\/revisions"}],"wp:featuredmedia":[{"embeddable":true,"href":"https:\/\/zjarr.tv\/en\/wp-json\/wp\/v2\/media\/94999"}],"wp:attachment":[{"href":"https:\/\/zjarr.tv\/en\/wp-json\/wp\/v2\/media?parent=94998"}],"wp:term":[{"taxonomy":"category","embeddable":true,"href":"https:\/\/zjarr.tv\/en\/wp-json\/wp\/v2\/categories?post=94998"},{"taxonomy":"post_tag","embeddable":true,"href":"https:\/\/zjarr.tv\/en\/wp-json\/wp\/v2\/tags?post=94998"}],"curies":[{"name":"wp","href":"https:\/\/api.w.org\/{rel}","templated":true}]}}