{"id":95001,"date":"2019-07-08T17:49:52","date_gmt":"2019-07-08T15:49:52","guid":{"rendered":"https:\/\/zjarr.tv\/?p=95001"},"modified":"2019-07-08T17:49:52","modified_gmt":"2019-07-08T15:49:52","slug":"vasili-kryeplehra-krenar-qe-perfundoi-ne-plehra","status":"publish","type":"post","link":"https:\/\/zjarr.tv\/en\/vasili-kryeplehra-krenar-qe-perfundoi-ne-plehra\/","title":{"rendered":"Vasili: Kryeplehra, krenar q\u00eb p\u00ebrfundoi n\u00eb plehra"},"content":{"rendered":"<p>Nga foltorja e Kuvendit, ku pritet t\u00eb ngrihet komisioni hetimor p\u00ebr shkarkimin e Presidentit Ilir Meta, kryeministri i vendit Edi Rama e ndali v\u00ebmendjen e tij tek votimet e 30 qershorit, duke th\u00ebn\u00eb se pjes\u00ebmarrja n\u00eb to, ishte m\u00eb e madhe se sa n\u00eb 2015, kur koalicioni fitues qeverisi Shqip\u00ebrin\u00eb.<\/p>\n<p>Por deklaratave t\u00eb kreut t\u00eb qeveris\u00eb i \u00ebsht\u00eb p\u00ebrgjigjur n\u00ebnkryetari i LSI, Petrit Vasili.<\/p>\n<p>P\u00ebrmes nj\u00eb postimi n\u00eb Facebook, ku tregon edhe me pamje fars\u00ebn e 30 qershorit, Vasili shprehet se: \u201cKryeplehra \u00ebsht\u00eb krenar q\u00eb p\u00ebrfundoi n\u00eb plehra\u201d.<\/p>\n<p>\u201cKryeplera flet p\u00ebr votimet n\u00eb plehra!. Shihni si kutit\u00eb e votimit t\u00eb 30 qershorit jan\u00eb nj\u00ebsh me kazanin e plehrave. Kryeplehra \u00ebsht\u00eb krenar q\u00eb p\u00ebrfundoi n\u00eb plehra\u201d, shkruan Vasili.<\/p>\n<p>&nbsp;<\/p>","protected":false},"excerpt":{"rendered":"<p>Nga foltorja e Kuvendit, ku pritet t\u00eb ngrihet komisioni hetimor p\u00ebr shkarkimin e Presidentit Ilir Meta, kryeministri i vendit Edi Rama e ndali v\u00ebmendjen e tij tek votimet e 30 qershorit, duke th\u00ebn\u00eb se pjes\u00ebmarrja n\u00eb to, ishte m\u00eb e madhe se sa n\u00eb 2015, kur koalicioni fitues qeverisi Shqip\u00ebrin\u00eb. Por deklaratave t\u00eb kreut t\u00eb [&hellip;]<\/p>\n","protected":false},"author":2013,"featured_media":60675,"comment_status":"open","ping_status":"closed","sticky":false,"template":"","format":"standard","meta":{"footnotes":""},"categories":[241,235],"tags":[],"class_list":{"0":"post-95001","1":"post","2":"type-post","3":"status-publish","4":"format-standard","5":"has-post-thumbnail","7":"category-aktualitet","8":"category-vendi"},"_links":{"self":[{"href":"https:\/\/zjarr.tv\/en\/wp-json\/wp\/v2\/posts\/95001","targetHints":{"allow":["GET"]}}],"collection":[{"href":"https:\/\/zjarr.tv\/en\/wp-json\/wp\/v2\/posts"}],"about":[{"href":"https:\/\/zjarr.tv\/en\/wp-json\/wp\/v2\/types\/post"}],"author":[{"embeddable":true,"href":"https:\/\/zjarr.tv\/en\/wp-json\/wp\/v2\/users\/2013"}],"replies":[{"embeddable":true,"href":"https:\/\/zjarr.tv\/en\/wp-json\/wp\/v2\/comments?post=95001"}],"version-history":[{"count":0,"href":"https:\/\/zjarr.tv\/en\/wp-json\/wp\/v2\/posts\/95001\/revisions"}],"wp:featuredmedia":[{"embeddable":true,"href":"https:\/\/zjarr.tv\/en\/wp-json\/wp\/v2\/media\/60675"}],"wp:attachment":[{"href":"https:\/\/zjarr.tv\/en\/wp-json\/wp\/v2\/media?parent=95001"}],"wp:term":[{"taxonomy":"category","embeddable":true,"href":"https:\/\/zjarr.tv\/en\/wp-json\/wp\/v2\/categories?post=95001"},{"taxonomy":"post_tag","embeddable":true,"href":"https:\/\/zjarr.tv\/en\/wp-json\/wp\/v2\/tags?post=95001"}],"curies":[{"name":"wp","href":"https:\/\/api.w.org\/{rel}","templated":true}]}}