{"id":95008,"date":"2019-07-08T18:22:07","date_gmt":"2019-07-08T16:22:07","guid":{"rendered":"https:\/\/zjarr.tv\/?p=95008"},"modified":"2019-07-08T18:22:07","modified_gmt":"2019-07-08T16:22:07","slug":"ndoka-ironizon-me-fjalimin-e-rames-nuk-qeshi-as-kujtim-gjuzi","status":"publish","type":"post","link":"https:\/\/zjarr.tv\/en\/ndoka-ironizon-me-fjalimin-e-rames-nuk-qeshi-as-kujtim-gjuzi\/","title":{"rendered":"Ndoka ironizon me fjalimin e Ram\u00ebs\/ &#8216;Nuk qeshi as Kujtim Gjuzi&#8217;"},"content":{"rendered":"<p>Ish deputeti i opozit\u00ebs, kreu i PDK, Nard Ndoka ironizon me fjalimin e pak minutave m\u00eb par\u00eb t\u00eb kryeministrit Edi Rama n\u00eb parlament.<\/p>\n<p>Sipas Ndok\u00ebs, fjalimi i kreut t\u00eb qeveris\u00eb ishte aq i dob\u00ebt sa nuk b\u00ebri t\u00eb qesh\u00eb as deputetin e ri t\u00eb opozit\u00ebs, Kujtim Gjuzi.<\/p>\n<p>\u201cKM-ja shum\u00eb r\u00ebnd\u00eb sot n\u00eb Kuvend, as rilindasit nuk qesh\u00ebn, as duartrokit\u00ebn, madje as Gjuzi snuk!\u201d, shkruan Ndoka.<\/p>\n<p>&nbsp;<\/p>","protected":false},"excerpt":{"rendered":"<p>Ish deputeti i opozit\u00ebs, kreu i PDK, Nard Ndoka ironizon me fjalimin e pak minutave m\u00eb par\u00eb t\u00eb kryeministrit Edi Rama n\u00eb parlament. Sipas Ndok\u00ebs, fjalimi i kreut t\u00eb qeveris\u00eb ishte aq i dob\u00ebt sa nuk b\u00ebri t\u00eb qesh\u00eb as deputetin e ri t\u00eb opozit\u00ebs, Kujtim Gjuzi. \u201cKM-ja shum\u00eb r\u00ebnd\u00eb sot n\u00eb Kuvend, as rilindasit [&hellip;]<\/p>\n","protected":false},"author":2013,"featured_media":95009,"comment_status":"open","ping_status":"closed","sticky":false,"template":"","format":"standard","meta":{"footnotes":""},"categories":[241,235],"tags":[],"class_list":{"0":"post-95008","1":"post","2":"type-post","3":"status-publish","4":"format-standard","5":"has-post-thumbnail","7":"category-aktualitet","8":"category-vendi"},"_links":{"self":[{"href":"https:\/\/zjarr.tv\/en\/wp-json\/wp\/v2\/posts\/95008","targetHints":{"allow":["GET"]}}],"collection":[{"href":"https:\/\/zjarr.tv\/en\/wp-json\/wp\/v2\/posts"}],"about":[{"href":"https:\/\/zjarr.tv\/en\/wp-json\/wp\/v2\/types\/post"}],"author":[{"embeddable":true,"href":"https:\/\/zjarr.tv\/en\/wp-json\/wp\/v2\/users\/2013"}],"replies":[{"embeddable":true,"href":"https:\/\/zjarr.tv\/en\/wp-json\/wp\/v2\/comments?post=95008"}],"version-history":[{"count":0,"href":"https:\/\/zjarr.tv\/en\/wp-json\/wp\/v2\/posts\/95008\/revisions"}],"wp:featuredmedia":[{"embeddable":true,"href":"https:\/\/zjarr.tv\/en\/wp-json\/wp\/v2\/media\/95009"}],"wp:attachment":[{"href":"https:\/\/zjarr.tv\/en\/wp-json\/wp\/v2\/media?parent=95008"}],"wp:term":[{"taxonomy":"category","embeddable":true,"href":"https:\/\/zjarr.tv\/en\/wp-json\/wp\/v2\/categories?post=95008"},{"taxonomy":"post_tag","embeddable":true,"href":"https:\/\/zjarr.tv\/en\/wp-json\/wp\/v2\/tags?post=95008"}],"curies":[{"name":"wp","href":"https:\/\/api.w.org\/{rel}","templated":true}]}}