{"id":95013,"date":"2019-07-08T18:42:52","date_gmt":"2019-07-08T16:42:52","guid":{"rendered":"https:\/\/zjarr.tv\/?p=95013"},"modified":"2019-07-08T18:42:52","modified_gmt":"2019-07-08T16:42:52","slug":"deshmia-e-rralle-shkoi-te-hidhte-bombe-ne-banesen-e-berishes-i-shpertheu-ne-dore-dhe-vdiq","status":"publish","type":"post","link":"https:\/\/zjarr.tv\/en\/deshmia-e-rralle-shkoi-te-hidhte-bombe-ne-banesen-e-berishes-i-shpertheu-ne-dore-dhe-vdiq\/","title":{"rendered":"D\u00ebshmia e rrall\u00eb\/ Shkoi t\u00eb hidhte bomb\u00eb n\u00eb banes\u00ebn e Berish\u00ebs, i shp\u00ebrtheu n\u00eb dor\u00eb dhe vdiq"},"content":{"rendered":"<p>Ish-kryeministri Sali Berisha ka reaguar lidhur me k\u00ebrc\u00ebnimet ndaj kreut t\u00eb KQZ, Klement Zguri dhe studiuesit Aurel Plasari, si dhe sulmet ndaj analistit Fatos Lubonja dhe gazetarit Enver Do\u00e7i.<\/p>\n<p>Berisha shkruan n\u00eb \u201cFacebook\u201d se t\u00eb gjitha k\u00ebto sulme terroriste dhe k\u00ebrc\u00ebnime po b\u00ebhen nga mafia e narkoshtetit t\u00eb Edi Ram\u00ebs.<\/p>\n<p>\u201cE them kete se hakmarrja primitive e skizoidit ka kufinj vetem elektroshokun dhe kjo hakmarrje ka rene edhe mbi ta per faktin se Plasari, Lubonja dhe Zguri me shkrimet, prononcimet e tyre kane damkosur keq kreun e meduzes kurse Zguri damkosi farsen moniste antidemokratike antikushtetuese nga pozitat e kryetarit te KQZ. Ndersa gazetari Enver Doci u godit sepse po denonconte live aktet e dhunes shtazore te narkopolicve ndaj qytetarve\u201d, shkruan ish-kryeministri.M\u00eb tej, ish-kryeministri Berisha hedh dhe nj\u00eb akuz\u00eb t\u00eb fort\u00eb ndaj ish-kreut t\u00eb SHISH, Fatos Klosi, duke th\u00ebn\u00eb se kur drejtonte Sh\u00ebrbimin Inteligjent urdh\u00ebroi nj\u00eb person t\u00eb hidhte bomb\u00eb n\u00eb apartamentin e tij.<\/p>\n<p>Mesazhi i plot\u00eb i Berish\u00ebs<\/p>\n<p>&#8220;Te ndalim terrorin e fallangave te narkoshtetit dhe kreut te tij te meduzes!<br \/>\nMiq, ne nje harke kohor nje javor mafia e shtetit te droges ka sulmuar, goditur, kercenuar me jeten e femijeve personalitete te njohura te letrave, publicistikes, kundershtare te njohur te kreut te meduzes dhe regjimit te tij te kakistokracise, Aurel Plasari e Fatos Lubonja, zyrtare te larte Klement Zguri dhe gazetare ne detyre si Enver Doci.<\/p>\n<p>Sulme te tilla terroriste te bazuara ne kodin e mafies jane tipike per diktaturat dhe policite e tyre sekrete, ne rastin e narkoshtetit keto sulme i ndermarrin fallanga e mafies te shtetit te droges.<\/p>\n<p>Prapa ketyre sulmeve terroriste kercenim me jeten e femijeve i Akademikut Aurel Plasari dhe Kryetarit Klement Zguri, identike me ato qe Mili i Partise i beri rektorit Koni, te cilit i tha do te te marre peng djalin, goditjes me gur te madh te makines te Lubonjes, per ti thene se keshtu do te te thyejme edhe koken, goditja direkt nga narkobandite me uniforme e gazetarit ne detyre Enver Doci qendron kupola e mafies se narkoshtetit e Edvin Kristqa Mafise, Don Aga\u00e7ios dhe Sugar Fuges.<\/p>\n<p>E them kete se me gojen e shthurur dhe fjalorin koprolalik te urrejtjes ndaj kundershtareve, Edvin Kristaq Mafia nxit dhune dhe terror kudo kunder tyre.<\/p>\n<p>E them kete se hakmarrja primitive e skizoidit ka kufinj vetem elektroshokun dhe kjo hakmarrje ka rene edhe mbi ta per faktin se Plasari, Lubonja dhe Zguri me shkrimet, prononcimet e tyre kane damkosur keq kreun e meduzes kurse Zguri damkosi farsen moniste antidemokratike antikushtetuese nga pozitat e kryetarit te KQZ.Ndersa gazetari Enver Doci u godit sepse po denonconte live aktet e dhunes shtazore te narkopolicve ndaj qytetarve.<\/p>\n<p>Qendrimi zyrtar ndaj ketyre akteve dhune e terrori shteteror duke lare duart dhe paraqitur ato si veper e te smureve psiqik, fakton gjithashtu qarte perzgjedhjen e ketyre delinkuenteve nga kupola e mafies shteterore si dore e zeze e saj. Po rikujtoj ketu se nje person si keta perzgjodhi vite me pare krimineli dhe agjenti i sherbimeve armike Fatos Klosi per te hedhur bomben tek apartanenti im por qe i shpertheu ne dore dhe i mori jeten.<\/p>\n<p>Miq, duke shprehur solidaritetin me te madh ndaj zotrinjve Plasari, Zguri, Lubonja, Doci dhe familjareve te tyre dhe denuar me ashpersine me te madhe keto akte dhune e terrori te skizoidit Edvin Kristaq Mafise dhe kupoles perreth tij, le te parlajmerojme ate dhe narkohorrat qe e rrethojne se do mbahen personalisht pergjegjes per \u00e7do kercenim dhune e terror ndaj kundershtareve politik! Rama Ik! Fitore!&#8221;<\/p>\n<p>&nbsp;<\/p>","protected":false},"excerpt":{"rendered":"<p>Ish-kryeministri Sali Berisha ka reaguar lidhur me k\u00ebrc\u00ebnimet ndaj kreut t\u00eb KQZ, Klement Zguri dhe studiuesit Aurel Plasari, si dhe sulmet ndaj analistit Fatos Lubonja dhe gazetarit Enver Do\u00e7i. Berisha shkruan n\u00eb \u201cFacebook\u201d se t\u00eb gjitha k\u00ebto sulme terroriste dhe k\u00ebrc\u00ebnime po b\u00ebhen nga mafia e narkoshtetit t\u00eb Edi Ram\u00ebs. \u201cE them kete se hakmarrja [&hellip;]<\/p>\n","protected":false},"author":2013,"featured_media":90114,"comment_status":"open","ping_status":"closed","sticky":false,"template":"","format":"standard","meta":{"footnotes":""},"categories":[241,235],"tags":[],"class_list":{"0":"post-95013","1":"post","2":"type-post","3":"status-publish","4":"format-standard","5":"has-post-thumbnail","7":"category-aktualitet","8":"category-vendi"},"_links":{"self":[{"href":"https:\/\/zjarr.tv\/en\/wp-json\/wp\/v2\/posts\/95013","targetHints":{"allow":["GET"]}}],"collection":[{"href":"https:\/\/zjarr.tv\/en\/wp-json\/wp\/v2\/posts"}],"about":[{"href":"https:\/\/zjarr.tv\/en\/wp-json\/wp\/v2\/types\/post"}],"author":[{"embeddable":true,"href":"https:\/\/zjarr.tv\/en\/wp-json\/wp\/v2\/users\/2013"}],"replies":[{"embeddable":true,"href":"https:\/\/zjarr.tv\/en\/wp-json\/wp\/v2\/comments?post=95013"}],"version-history":[{"count":0,"href":"https:\/\/zjarr.tv\/en\/wp-json\/wp\/v2\/posts\/95013\/revisions"}],"wp:featuredmedia":[{"embeddable":true,"href":"https:\/\/zjarr.tv\/en\/wp-json\/wp\/v2\/media\/90114"}],"wp:attachment":[{"href":"https:\/\/zjarr.tv\/en\/wp-json\/wp\/v2\/media?parent=95013"}],"wp:term":[{"taxonomy":"category","embeddable":true,"href":"https:\/\/zjarr.tv\/en\/wp-json\/wp\/v2\/categories?post=95013"},{"taxonomy":"post_tag","embeddable":true,"href":"https:\/\/zjarr.tv\/en\/wp-json\/wp\/v2\/tags?post=95013"}],"curies":[{"name":"wp","href":"https:\/\/api.w.org\/{rel}","templated":true}]}}