{"id":95020,"date":"2019-07-08T19:20:13","date_gmt":"2019-07-08T17:20:13","guid":{"rendered":"https:\/\/zjarr.tv\/?p=95020"},"modified":"2019-07-08T18:46:52","modified_gmt":"2019-07-08T16:46:52","slug":"ambasada-e-shba-apel-shtetasve-te-saj-rrini-larg-protestes","status":"publish","type":"post","link":"https:\/\/zjarr.tv\/en\/ambasada-e-shba-apel-shtetasve-te-saj-rrini-larg-protestes\/","title":{"rendered":"Ambasada e SHBA apel shtetasve t\u00eb saj: Rrini larg protest\u00ebs"},"content":{"rendered":"<p>Ambasada e Shteteve t\u00eb Bashkuara t\u00eb Amerik\u00ebs n\u00eb Tiran\u00eb iu b\u00ebn thirrje shtetasve amerikan\u00eb t\u00eb q\u00ebndrojn\u00eb larg protest\u00ebs q\u00eb pritet t\u00eb mbahet sot n\u00eb mbr\u00ebmje nga opozita e bashkuar.<br \/>\nN\u00eb nj\u00eb njoftim, ambasada iu jep informacion shtetasve t\u00eb saj se ku do t\u00eb mbahet protesta duke i paralajm\u00ebruar se mund t\u00eb jet\u00eb e dhunshme dhe se nuk dihet koh\u00ebzgjatja.<\/p>\n<p>\u201cNj\u00eb demonstrim i madh pritet t\u00eb zhvillohet pran\u00eb Zyr\u00ebs s\u00eb Kryeministrit t\u00eb h\u00ebn\u00ebn, m\u00eb 8 korrik 2019, duke filluar rreth or\u00ebs 20:00. Grupi synon t\u00eb demonstroj\u00eb kund\u00ebr qeveris\u00eb shqiptare dhe mund t\u00eb l\u00ebviz\u00eb n\u00eb vende t\u00eb ndryshme n\u00eb Tiran\u00eb. Koh\u00ebzgjatja e demonstrat\u00ebs s\u00eb pritshme \u00ebsht\u00eb e panjohur. Demonstrimet e koh\u00ebve t\u00eb fundit kan\u00eb p\u00ebrfshir\u00eb dhun\u00ebn. Forcat e siguris\u00eb kan\u00eb p\u00ebrdorur uj\u00eb dhe gaz lotsjell\u00ebs p\u00ebr t\u00eb shp\u00ebrndar\u00eb turmat.<br \/>\nPersoneli i Ambasad\u00ebs s\u00eb SHBA-s\u00eb dhe an\u00ebtar\u00ebt e familjes jan\u00eb drejtuar p\u00ebr t\u00eb shmangur t\u00eb gjitha pikat e grumbullimit dhe vendet ku demonstratat jan\u00eb t\u00eb pashmangshme ose n\u00eb vazhdim\u00ebsi\u201d, njofton ambasada e SHBA.<\/p>\n<p>&nbsp;<\/p>","protected":false},"excerpt":{"rendered":"<p>Ambasada e Shteteve t\u00eb Bashkuara t\u00eb Amerik\u00ebs n\u00eb Tiran\u00eb iu b\u00ebn thirrje shtetasve amerikan\u00eb t\u00eb q\u00ebndrojn\u00eb larg protest\u00ebs q\u00eb pritet t\u00eb mbahet sot n\u00eb mbr\u00ebmje nga opozita e bashkuar. N\u00eb nj\u00eb njoftim, ambasada iu jep informacion shtetasve t\u00eb saj se ku do t\u00eb mbahet protesta duke i paralajm\u00ebruar se mund t\u00eb jet\u00eb e dhunshme dhe [&hellip;]<\/p>\n","protected":false},"author":2013,"featured_media":83280,"comment_status":"open","ping_status":"closed","sticky":false,"template":"","format":"standard","meta":{"footnotes":""},"categories":[241,235],"tags":[],"class_list":{"0":"post-95020","1":"post","2":"type-post","3":"status-publish","4":"format-standard","5":"has-post-thumbnail","7":"category-aktualitet","8":"category-vendi"},"_links":{"self":[{"href":"https:\/\/zjarr.tv\/en\/wp-json\/wp\/v2\/posts\/95020","targetHints":{"allow":["GET"]}}],"collection":[{"href":"https:\/\/zjarr.tv\/en\/wp-json\/wp\/v2\/posts"}],"about":[{"href":"https:\/\/zjarr.tv\/en\/wp-json\/wp\/v2\/types\/post"}],"author":[{"embeddable":true,"href":"https:\/\/zjarr.tv\/en\/wp-json\/wp\/v2\/users\/2013"}],"replies":[{"embeddable":true,"href":"https:\/\/zjarr.tv\/en\/wp-json\/wp\/v2\/comments?post=95020"}],"version-history":[{"count":0,"href":"https:\/\/zjarr.tv\/en\/wp-json\/wp\/v2\/posts\/95020\/revisions"}],"wp:featuredmedia":[{"embeddable":true,"href":"https:\/\/zjarr.tv\/en\/wp-json\/wp\/v2\/media\/83280"}],"wp:attachment":[{"href":"https:\/\/zjarr.tv\/en\/wp-json\/wp\/v2\/media?parent=95020"}],"wp:term":[{"taxonomy":"category","embeddable":true,"href":"https:\/\/zjarr.tv\/en\/wp-json\/wp\/v2\/categories?post=95020"},{"taxonomy":"post_tag","embeddable":true,"href":"https:\/\/zjarr.tv\/en\/wp-json\/wp\/v2\/tags?post=95020"}],"curies":[{"name":"wp","href":"https:\/\/api.w.org\/{rel}","templated":true}]}}