{"id":95083,"date":"2019-07-09T14:00:22","date_gmt":"2019-07-09T12:00:22","guid":{"rendered":"https:\/\/zjarr.tv\/?p=95083"},"modified":"2019-07-09T14:00:22","modified_gmt":"2019-07-09T12:00:22","slug":"shkarkimi-i-metes-dw-verdiktin-perfundimtar-do-ta-jape","status":"publish","type":"post","link":"https:\/\/zjarr.tv\/en\/shkarkimi-i-metes-dw-verdiktin-perfundimtar-do-ta-jape\/","title":{"rendered":"Shkarkimi i Met\u00ebs, DW: Verdiktin p\u00ebrfundimtar do ta jap\u00eb \u2026!"},"content":{"rendered":"<p>Parlamenti miratoi n\u00eb mbr\u00ebmjen e t\u00eb h\u00ebn\u00ebs, (08.07.2019) ngritjen e nj\u00eb komisioni t\u00eb posa\u04ab\u00ebm p\u00ebr t\u00eb hetuar rreth karakterit anti-kushtetues t\u00eb dekretit t\u00eb Presidentit Meta p\u00ebr anulimin e zhvillimit t\u00eb Zgjedhjeve Lokale 2019, m\u00eb 30 qershor. An\u00ebtar\u00ebt e k\u00ebtij komisioni do t\u00eb p\u00ebrgatisin brenda 3 muajve nj\u00eb raport p\u00ebr argumentuar shkarkimin e Met\u00ebs pas dekretit q\u00eb anuloi zhvillimin e Lokaleve 2019 m\u00eb 30 qershor.<\/p>\n<p>Nga ana e tij Presidenti Meta p\u00ebrs\u00ebriti t\u00eb h\u00ebn\u00ebn n\u00eb Parlament, se Zgjedhjet Lokale, q\u00eb u zhvilluan m\u00eb 30 qershor, jan\u00eb anti kushtetuese dhe t\u00eb paligjshme pasi n\u00eb ato nuk mori pjes\u00eb opozita. Ai k\u00ebmb\u00ebnguli, se dekreti i tij p\u00ebr zhvillimin e tyre m\u00eb 13 tetor t\u00eb k\u00ebtij viti \u00ebsht\u00eb i ligjsh\u00ebm dhe mbetet n\u00eb fuqi.\u201d Vet\u00ebm Gjykata Kushtetuese mund t\u00eb shqyrtoj\u00eb kushtetutshm\u00ebrin\u00eb e Dekretit t\u00eb Presidentit t\u00eb Republik\u00ebs\u201d theksoi Meta.<\/p>\n<p><strong>Rama: Meta, burim destabiliteti politik<\/strong><\/p>\n<p>Maxhoranca socialiste listoi t\u00eb h\u00ebn\u00ebn n\u00eb mbr\u00ebmje nj\u00eb s\u00ebr\u00eb shkejesh q\u00eb Meta ka b\u00ebr\u00eb ndaj Kushtetut\u00ebs. Sipas deputet\u00ebve socialist\u00eb ai ka c\u00ebnuar parimin e ushtrimit t\u00eb sovranitetit nga populli, \u00ebsht\u00eb sjell\u00eb n\u00eb m\u00ebnyr\u00eb arbitrare me pushtetin si President i Republik\u00ebs ,ka c\u00ebnuar parimin e periodicitetit t\u00eb zgjedhjeve dhe t\u00eb s\u00eb drejt\u00ebs s\u00eb qytetar\u00ebve p\u00ebr t\u00eb zgjedhur dhe p\u00ebr t\u2019u zgjedhur duke anulluar me dekret zhvillimin e tyre n\u00eb 30 qershor.<\/p>\n<p>Kryeministri Rama e cil\u00ebsoi q\u00ebndrimin e Met\u00ebs nj\u00eb \u201eofensiv\u00eb destruktive kund\u00ebr zgjedhjeve dhe drejt\u00ebsis\u00eb\u201d.\u201d Presidenti Meta \u00ebsht\u00eb armik i hapur i Kushtetut\u00ebs, armik i vet\u00ebdeklaruar i Parlamentit, politikani i frik\u00ebsuar nga reforma n\u00eb drejt\u00ebsi. Ai \u00ebsht\u00eb burim destabiliteti politik, institucional. Shkarkimi i tij \u00ebsht\u00eb detyr\u00eb e \u04abdo deputeti\u201d, tha Rama.<\/p>\n<p>N\u00eb nj\u00eb deklarat\u00eb para fillimit t\u00eb seanc\u00ebs plenare n\u00eb mbr\u00ebmjen e t\u00eb h\u00ebnes, Presidenti Meta theksoi q\u00ebndrimin e tij t\u00eb njohur tanim\u00eb se dekreti i tij p\u00ebr anullimin e 30 qershorit si dat\u00eb e zhvillimit t\u00eb Lokaleve 2019 \u00ebsht\u00eb n\u00eb mb\u00ebshtetje t\u00eb plot\u00eb t\u00eb Kushtetut\u00ebs dhe parimeve themelore q\u00eb ajo mbron\u201d. Meta p\u00ebrs\u00ebriti alternativ\u00ebn e zhvillimit t\u00eb zgjedhjeve lokale, parlamentare dhe presidenciale m\u00eb 13 tetor, pasi \u201czgjedhjet Lokale, q\u00eb u zhvilluan m\u00eb 30 qershor nuk ekzistojn\u00eb ligj\u00ebrisht\u201d.<\/p>\n<p><strong>Votat n\u00eb Parlament dhe verdikti i Gjykat\u00ebs Kushtetuese<\/strong><\/p>\n<p>Miratimi i ngritjes s\u00eb komisionit t\u00eb posa\u04ab\u00ebm hetimor u b\u00eb me 101 vota pro dhe 6 kund\u00ebr. Shkarkimi i Presidentit b\u00ebhet me shumic\u00eb t\u00eb cil\u00ebsuar votash q\u00eb do t\u00eb thot\u00eb 94 vota n\u00eb parlamentin prej 140 deputet\u00ebsh. Votimi pritet t\u00eb b\u00ebhet pas 3 muajve, kur 9 an\u00ebtar\u00ebt e Komisionit t\u00eb sapongritur hetimor do t\u00eb paraqesin n\u00eb Parlament raportin e tyre. Por verdiktin p\u00ebrfundimtar p\u00ebr shkarkimin ose jo t\u00eb Presidentit Meta do ta jap\u00eb Gjykata Kushtetuese, q\u00eb n\u00eb Shqip\u00ebri nuk \u00ebsht\u00eb funksionale. An\u00ebtar\u00ebt e saj, kan\u00eb dal\u00eb jasht\u00eb sistemit nga vetting-u para m\u00eb shum\u00eb se nj\u00eb viti dhe ende nuk ka kandidatura gjykat\u00ebsish q\u00eb t\u00eb ken\u00eb kaluar sit\u00ebn e vettingut p\u00ebr t\u2019i z\u00ebvend\u00ebsuar ata.\/DW<\/p>\n<p>&nbsp;<\/p>","protected":false},"excerpt":{"rendered":"<p>Parlamenti miratoi n\u00eb mbr\u00ebmjen e t\u00eb h\u00ebn\u00ebs, (08.07.2019) ngritjen e nj\u00eb komisioni t\u00eb posa\u04ab\u00ebm p\u00ebr t\u00eb hetuar rreth karakterit anti-kushtetues t\u00eb dekretit t\u00eb Presidentit Meta p\u00ebr anulimin e zhvillimit t\u00eb Zgjedhjeve Lokale 2019, m\u00eb 30 qershor. An\u00ebtar\u00ebt e k\u00ebtij komisioni do t\u00eb p\u00ebrgatisin brenda 3 muajve nj\u00eb raport p\u00ebr argumentuar shkarkimin e Met\u00ebs pas dekretit [&hellip;]<\/p>\n","protected":false},"author":2013,"featured_media":93849,"comment_status":"open","ping_status":"closed","sticky":false,"template":"","format":"standard","meta":{"footnotes":""},"categories":[241,235],"tags":[],"class_list":{"0":"post-95083","1":"post","2":"type-post","3":"status-publish","4":"format-standard","5":"has-post-thumbnail","7":"category-aktualitet","8":"category-vendi"},"_links":{"self":[{"href":"https:\/\/zjarr.tv\/en\/wp-json\/wp\/v2\/posts\/95083","targetHints":{"allow":["GET"]}}],"collection":[{"href":"https:\/\/zjarr.tv\/en\/wp-json\/wp\/v2\/posts"}],"about":[{"href":"https:\/\/zjarr.tv\/en\/wp-json\/wp\/v2\/types\/post"}],"author":[{"embeddable":true,"href":"https:\/\/zjarr.tv\/en\/wp-json\/wp\/v2\/users\/2013"}],"replies":[{"embeddable":true,"href":"https:\/\/zjarr.tv\/en\/wp-json\/wp\/v2\/comments?post=95083"}],"version-history":[{"count":0,"href":"https:\/\/zjarr.tv\/en\/wp-json\/wp\/v2\/posts\/95083\/revisions"}],"wp:featuredmedia":[{"embeddable":true,"href":"https:\/\/zjarr.tv\/en\/wp-json\/wp\/v2\/media\/93849"}],"wp:attachment":[{"href":"https:\/\/zjarr.tv\/en\/wp-json\/wp\/v2\/media?parent=95083"}],"wp:term":[{"taxonomy":"category","embeddable":true,"href":"https:\/\/zjarr.tv\/en\/wp-json\/wp\/v2\/categories?post=95083"},{"taxonomy":"post_tag","embeddable":true,"href":"https:\/\/zjarr.tv\/en\/wp-json\/wp\/v2\/tags?post=95083"}],"curies":[{"name":"wp","href":"https:\/\/api.w.org\/{rel}","templated":true}]}}